{"id":9595,"date":"2023-04-21T09:16:00","date_gmt":"2023-04-21T08:16:00","guid":{"rendered":"https:\/\/www.carmeleespanolonline.com\/blog\/?p=9595"},"modified":"2023-08-28T15:24:55","modified_gmt":"2023-08-28T14:24:55","slug":"dia-del-libro-en-espana","status":"publish","type":"post","link":"https:\/\/carmeleespanolonline.com\/blog\/dia-del-libro-en-espana\/","title":{"rendered":"D\u00eda del libro en Espa\u00f1a"},"content":{"rendered":"\t\t<div data-elementor-type=\"wp-post\" data-elementor-id=\"9595\" class=\"elementor elementor-9595\" data-elementor-post-type=\"post\">\n\t\t\t\t\t\t<section class=\"elementor-section elementor-top-section elementor-element elementor-element-337ae84 elementor-section-boxed elementor-section-height-default elementor-section-height-default\" data-id=\"337ae84\" data-element_type=\"section\" data-e-type=\"section\">\n\t\t\t\t\t\t<div class=\"elementor-container elementor-column-gap-default\">\n\t\t\t\t\t<div class=\"elementor-column elementor-col-100 elementor-top-column elementor-element elementor-element-cb9862f\" data-id=\"cb9862f\" data-element_type=\"column\" data-e-type=\"column\">\n\t\t\t<div class=\"elementor-widget-wrap elementor-element-populated\">\n\t\t\t\t\t\t<div class=\"elementor-element elementor-element-7c222be elementor-widget elementor-widget-text-editor\" data-id=\"7c222be\" data-element_type=\"widget\" data-e-type=\"widget\" data-widget_type=\"text-editor.default\">\n\t\t\t\t<div class=\"elementor-widget-container\">\n\t\t\t\t\t\t\t\t\t<p style=\"text-align: center;\"><strong>\u00bfSabes qu\u00e9 se celebra en Espa\u00f1a y en otros pa\u00edses del mundo en Abril?<\/strong><\/p><p style=\"text-align: left;\"><span style=\"font-family: Lato, sans-serif; font-size: 16px; color: var( --e-global-color-text ); letter-spacing: var( --e-global-typography-text-letter-spacing );\">En Espa\u00f1a en el mes de abril solemos tener dos de las fiestas m\u00e1s conocidas mundialmente, <\/span><strong style=\"font-family: Lato, sans-serif; font-size: 16px; color: var( --e-global-color-text ); letter-spacing: var( --e-global-typography-text-letter-spacing );\">La Semana Santa y la Feria.<\/strong><span style=\"font-family: Lato, sans-serif; font-size: 16px; color: var( --e-global-color-text ); letter-spacing: var( --e-global-typography-text-letter-spacing );\"> Pero est\u00e1s fiestas no siempre se celebran en el mes de abril, a veces pueden empezar en marzo o realizarse a principios de mayo.<\/span><\/p><p>Hoy no te voy a hablar de ellas. Hoy te voy a comentar una fiesta que s\u00ed<strong> se celebra siempre el 23 de abril<\/strong> y posiblemente tambi\u00e9n la celebras t\u00fa en tu pa\u00eds, \u00bfsabes cu\u00e1l es?.<\/p>\t\t\t\t\t\t\t\t<\/div>\n\t\t\t\t<\/div>\n\t\t\t\t\t<\/div>\n\t\t<\/div>\n\t\t\t\t\t<\/div>\n\t\t<\/section>\n\t\t\t\t<section class=\"elementor-section elementor-top-section elementor-element elementor-element-45306c3 elementor-section-boxed elementor-section-height-default elementor-section-height-default\" data-id=\"45306c3\" data-element_type=\"section\" data-e-type=\"section\">\n\t\t\t\t\t\t<div class=\"elementor-container elementor-column-gap-default\">\n\t\t\t\t\t<div class=\"elementor-column elementor-col-100 elementor-top-column elementor-element elementor-element-b7bb746\" data-id=\"b7bb746\" data-element_type=\"column\" data-e-type=\"column\">\n\t\t\t<div class=\"elementor-widget-wrap elementor-element-populated\">\n\t\t\t\t\t\t<div class=\"elementor-element elementor-element-cc91354 elementor-widget elementor-widget-image\" data-id=\"cc91354\" data-element_type=\"widget\" data-e-type=\"widget\" data-widget_type=\"image.default\">\n\t\t\t\t<div class=\"elementor-widget-container\">\n\t\t\t\t\t\t\t\t\t\t\t\t<figure class=\"wp-caption\">\n\t\t\t\t\t\t\t\t\t\t\t<a href=\"https:\/\/www.diadellibro.eu\/\">\n\t\t\t\t\t\t\t<img fetchpriority=\"high\" decoding=\"async\" width=\"211\" height=\"300\" src=\"https:\/\/carmeleespanolonline.com\/blog\/wp-content\/uploads\/2023\/04\/Dia-del-libro-211x300.png\" class=\"attachment-medium size-medium wp-image-9596\" alt=\"D\u00eda del Libro y el Autor\" srcset=\"https:\/\/carmeleespanolonline.com\/blog\/wp-content\/uploads\/2023\/04\/Dia-del-libro-211x300.png 211w, https:\/\/carmeleespanolonline.com\/blog\/wp-content\/uploads\/2023\/04\/Dia-del-libro-720x1024.png 720w, https:\/\/carmeleespanolonline.com\/blog\/wp-content\/uploads\/2023\/04\/Dia-del-libro-768x1092.png 768w, https:\/\/carmeleespanolonline.com\/blog\/wp-content\/uploads\/2023\/04\/Dia-del-libro-600x853.png 600w, https:\/\/carmeleespanolonline.com\/blog\/wp-content\/uploads\/2023\/04\/Dia-del-libro.png 1034w\" sizes=\"(max-width: 211px) 100vw, 211px\" \/>\t\t\t\t\t\t\t\t<\/a>\n\t\t\t\t\t\t\t\t\t\t\t<figcaption class=\"widget-image-caption wp-caption-text\">D\u00eda del libro y del Autor<\/figcaption>\n\t\t\t\t\t\t\t\t\t\t<\/figure>\n\t\t\t\t\t\t\t\t\t<\/div>\n\t\t\t\t<\/div>\n\t\t\t\t\t<\/div>\n\t\t<\/div>\n\t\t\t\t\t<\/div>\n\t\t<\/section>\n\t\t\t\t<section class=\"elementor-section elementor-top-section elementor-element elementor-element-083b4a0 elementor-section-boxed elementor-section-height-default elementor-section-height-default\" data-id=\"083b4a0\" data-element_type=\"section\" data-e-type=\"section\">\n\t\t\t\t\t\t<div class=\"elementor-container elementor-column-gap-default\">\n\t\t\t\t\t<div class=\"elementor-column elementor-col-100 elementor-top-column elementor-element elementor-element-865035f\" data-id=\"865035f\" data-element_type=\"column\" data-e-type=\"column\">\n\t\t\t<div class=\"elementor-widget-wrap elementor-element-populated\">\n\t\t\t\t\t\t<div class=\"elementor-element elementor-element-6a14b7e elementor-widget elementor-widget-text-editor\" data-id=\"6a14b7e\" data-element_type=\"widget\" data-e-type=\"widget\" data-widget_type=\"text-editor.default\">\n\t\t\t\t<div class=\"elementor-widget-container\">\n\t\t\t\t\t\t\t\t\t<div id=\"ez-toc-container\" class=\"ez-toc-v2_0_82_2 counter-hierarchy ez-toc-counter ez-toc-transparent ez-toc-container-direction\">\n<div class=\"ez-toc-title-container\">\n<p class=\"ez-toc-title\" style=\"cursor:inherit\">Table of Contents<\/p>\n<span class=\"ez-toc-title-toggle\"><a href=\"#\" class=\"ez-toc-pull-right ez-toc-btn ez-toc-btn-xs ez-toc-btn-default ez-toc-toggle\" aria-label=\"Alternar tabla de contenidos\"><span class=\"ez-toc-js-icon-con\"><span class=\"\"><span class=\"eztoc-hide\" style=\"display:none;\">Toggle<\/span><span class=\"ez-toc-icon-toggle-span\"><svg style=\"fill: #1e73be;color:#1e73be\" xmlns=\"http:\/\/www.w3.org\/2000\/svg\" class=\"list-377408\" width=\"20px\" height=\"20px\" viewBox=\"0 0 24 24\" fill=\"none\"><path d=\"M6 6H4v2h2V6zm14 0H8v2h12V6zM4 11h2v2H4v-2zm16 0H8v2h12v-2zM4 16h2v2H4v-2zm16 0H8v2h12v-2z\" fill=\"currentColor\"><\/path><\/svg><svg style=\"fill: #1e73be;color:#1e73be\" class=\"arrow-unsorted-368013\" xmlns=\"http:\/\/www.w3.org\/2000\/svg\" width=\"10px\" height=\"10px\" viewBox=\"0 0 24 24\" version=\"1.2\" baseProfile=\"tiny\"><path d=\"M18.2 9.3l-6.2-6.3-6.2 6.3c-.2.2-.3.4-.3.7s.1.5.3.7c.2.2.4.3.7.3h11c.3 0 .5-.1.7-.3.2-.2.3-.5.3-.7s-.1-.5-.3-.7zM5.8 14.7l6.2 6.3 6.2-6.3c.2-.2.3-.5.3-.7s-.1-.5-.3-.7c-.2-.2-.4-.3-.7-.3h-11c-.3 0-.5.1-.7.3-.2.2-.3.5-.3.7s.1.5.3.7z\"\/><\/svg><\/span><\/span><\/span><\/a><\/span><\/div>\n<nav><ul class='ez-toc-list ez-toc-list-level-1 ' ><li class='ez-toc-page-1 ez-toc-heading-level-2'><a class=\"ez-toc-link ez-toc-heading-1\" href=\"https:\/\/carmeleespanolonline.com\/blog\/dia-del-libro-en-espana\/#Origen_del_dia_del_libro\" >Origen del d\u00eda del libro<\/a><\/li><li class='ez-toc-page-1 ez-toc-heading-level-2'><a class=\"ez-toc-link ez-toc-heading-2\" href=\"https:\/\/carmeleespanolonline.com\/blog\/dia-del-libro-en-espana\/#San_Jordi_Rosas_y_libros\" >San Jordi: Rosas y libros<\/a><\/li><li class='ez-toc-page-1 ez-toc-heading-level-2'><a class=\"ez-toc-link ez-toc-heading-3\" href=\"https:\/\/carmeleespanolonline.com\/blog\/dia-del-libro-en-espana\/#%C2%BFComo_se_celebra_este_dia_en_Espana\" >\u00bfC\u00f3mo se celebra este d\u00eda en Espa\u00f1a?<\/a><\/li><\/ul><\/nav><\/div>\n<h2><span class=\"ez-toc-section\" id=\"Origen_del_dia_del_libro\"><\/span><strong><span style=\"color: #1569ae;\">Origen del d\u00eda del libro<\/span><\/strong><span class=\"ez-toc-section-end\"><\/span><\/h2><p>Seguramente la conozcas porque es un d\u00eda que <strong>se celebra en m\u00e1s de 100 pa\u00edses del mundo<\/strong> y muy probablemente ocurra en t\u00fa pa\u00eds.<\/p><p>En Espa\u00f1a este d\u00eda tiene su origen<strong> en 1923<\/strong>, cuando <strong>Vicente Clavel Andr\u00e9s<\/strong> \u00a0(escritor) promovi\u00f3 la celebraci\u00f3n de esta festividad y fue el <strong>rey Alfonso XIII<\/strong> quien la aprob\u00f3 y su primera celebraci\u00f3n <strong>fue el 7 de octubre de 1926.<\/strong><\/p><p>En el resto del mundo, <strong>la UNESCO promovi\u00f3 el D\u00eda del libro que se comenz\u00f3 a celebrar en varios pa\u00edses el 1989.<\/strong> En 1995 fue cuando se estableci\u00f3 como fecha mundial para celebrarlo el 23 abril, como homenaje a la literatura y para fomentar la lectura.<\/p><p><strong>\u00bfSabes por qu\u00e9 se eligi\u00f3 este d\u00eda?\u00a0<\/strong> En Espa\u00f1a se celebra este d\u00eda desde 1930 y se seleccion\u00f3 porque <strong>es el d\u00eda en el que fallecieron grandes autores de la literatura <a href=\"https:\/\/es.wikipedia.org\/wiki\/Miguel_de_Cervantes\" target=\"_blank\" rel=\"noopener\">Miguel de Cervantes<\/a>, <a href=\"https:\/\/es.wikipedia.org\/wiki\/William_Shakespeare\" target=\"_blank\" rel=\"noopener\">William Shakespeare<\/a> e <a href=\"https:\/\/es.wikipedia.org\/wiki\/Inca_Garcilaso_de_la_Vega\" target=\"_blank\" rel=\"noopener\">Inca Garcilaso de la Vega<\/a>.<\/strong> La Uni\u00f3n Internacional de Editores propuso esta fecha a la UNESCO. Cada 23 de abril desde el a\u00f1o 2001 se estable una Capital Mundial del Libro, la primera capital fue Madrid.<\/p><p>Adem\u00e1s este d\u00eda, <strong>el 23 de abril, se dan los <a href=\"https:\/\/www.culturaydeporte.gob.es\/cultura\/libro\/premios\/listado-de-premios\/cervantes\/presentacion.html\" target=\"_blank\" rel=\"noopener\">Premios Cervantes,<\/a><\/strong> es el Premio de Literatura en Lengua Espa\u00f1ola que concede el Ministerio de cultura cada a\u00f1o desde el a\u00f1o 1976. Puedes ver los premiados <a href=\"https:\/\/es.wikipedia.org\/wiki\/Premio_Miguel_de_Cervantes\" target=\"_blank\" rel=\"noopener\">aqu\u00ed.<\/a><\/p>\t\t\t\t\t\t\t\t<\/div>\n\t\t\t\t<\/div>\n\t\t\t\t\t<\/div>\n\t\t<\/div>\n\t\t\t\t\t<\/div>\n\t\t<\/section>\n\t\t\t\t<section class=\"elementor-section elementor-top-section elementor-element elementor-element-425f6d3 elementor-section-boxed elementor-section-height-default elementor-section-height-default\" data-id=\"425f6d3\" data-element_type=\"section\" data-e-type=\"section\">\n\t\t\t\t\t\t<div class=\"elementor-container elementor-column-gap-default\">\n\t\t\t\t\t<div class=\"elementor-column elementor-col-100 elementor-top-column elementor-element elementor-element-2fb980a\" data-id=\"2fb980a\" data-element_type=\"column\" data-e-type=\"column\">\n\t\t\t<div class=\"elementor-widget-wrap elementor-element-populated\">\n\t\t\t\t\t\t<div class=\"elementor-element elementor-element-519e8cc elementor-widget elementor-widget-text-editor\" data-id=\"519e8cc\" data-element_type=\"widget\" data-e-type=\"widget\" data-widget_type=\"text-editor.default\">\n\t\t\t\t<div class=\"elementor-widget-container\">\n\t\t\t\t\t\t\t\t\t<h2><span class=\"ez-toc-section\" id=\"San_Jordi_Rosas_y_libros\"><\/span><span style=\"color: #1569ae;\"><strong>San Jordi: Rosas y libros<\/strong><\/span><span class=\"ez-toc-section-end\"><\/span><\/h2><p>Esta celebraci\u00f3n que se inici\u00f3 en Barcelona se extendi\u00f3 por toda Catalu\u00f1a y por toda Espa\u00f1a r\u00e1pidamente.\u00a0 En Catalu\u00f1a adem\u00e1s es el d\u00eda del santo Patr\u00f3n, <strong>El D\u00eda de San Jorge o Diada de Sant Jordi<\/strong>. En esta comunidad es com\u00fan el intercambio de libros y rosas como regalo a las personas queridas.<\/p><p><strong>\u00bfSabes por qu\u00e9 se regala una rosa y un libro?<\/strong> Para entender esta tradici\u00f3n tenemos que conocer la <strong>Leyenda de Sant Jordi.<\/strong><\/p><blockquote><div><i><i>La leyenda explica que hace mucho tiempo, en Montblanc (Tarragona) un feroz drag\u00f3n capaz de envenenar el aire y matar con su aliento, ten\u00eda atemorizados a los habitantes de la ciudad. Los habitantes, asustados y cansados de sus estragos y fechor\u00edas, decidieron calmarle d\u00e1ndole de comer a una persona al d\u00eda que se elegir\u00eda por sorteo. Despu\u00e9s de varios d\u00edas, la mala suerte le toc\u00f3 a la princesa. Cuando la princesa abandonaba su hogar y se dirig\u00eda hacia el drag\u00f3n, un caballero llamado Sant Jordi, con brillante armadura y caballo blanco, apareci\u00f3 de repente para ir a su rescate. Sant Jordi alz\u00f3 su espada y atraves\u00f3 al drag\u00f3n, liberando por fin a la princesa y a los ciudadanos.De la sangre del drag\u00f3n<b>\u00a0brot\u00f3 un rosal con las rosas m\u00e1s rojas que jam\u00e1s se hab\u00edan visto<\/b>. Sant Jordi, triunfante, arranc\u00f3 una rosa y se la ofreci\u00f3 a la princesa.<\/i><\/i><\/div><div>\u00a0<\/div><div><div><a href=\"https:\/\/www.casabatllo.es\/el-dia-de-sant-jordi\/\" target=\"_blank\" rel=\"noopener\"><i>Fuente Casa Batll\u00f3<\/i><\/a><\/div><\/div><\/blockquote><div><p>Sant Jordi existi\u00f3, fue un militar nacido en Grecia en el siglo III que luchaba a las \u00f3rdenes del ej\u00e9rcito romano. Este militar se neg\u00f3 a perseguir a los cristianos y por este motivo lo asesinaron. Al morir defendiendo su religi\u00f3n fue considerado m\u00e1rtir y la iglesia cat\u00f3lica lo hizo santo. Actualmente Sant Jordi o San Jorge es padr\u00f3n de Catalu\u00f1a, Arag\u00f3n, Inglaterra y Portugal, Grecia, entre otros pa\u00edses del mundo. Tambi\u00e9n se \u201casegura\u201d que muri\u00f3 el 23 de abril del a\u00f1o 303.<\/p><\/div>\t\t\t\t\t\t\t\t<\/div>\n\t\t\t\t<\/div>\n\t\t\t\t\t<\/div>\n\t\t<\/div>\n\t\t\t\t\t<\/div>\n\t\t<\/section>\n\t\t\t\t<section class=\"elementor-section elementor-top-section elementor-element elementor-element-fc1182a elementor-section-boxed elementor-section-height-default elementor-section-height-default\" data-id=\"fc1182a\" data-element_type=\"section\" data-e-type=\"section\">\n\t\t\t\t\t\t<div class=\"elementor-container elementor-column-gap-default\">\n\t\t\t\t\t<div class=\"elementor-column elementor-col-100 elementor-top-column elementor-element elementor-element-3a4ff82\" data-id=\"3a4ff82\" data-element_type=\"column\" data-e-type=\"column\">\n\t\t\t<div class=\"elementor-widget-wrap elementor-element-populated\">\n\t\t\t\t\t\t<div class=\"elementor-element elementor-element-19d6d75 elementor-widget elementor-widget-image\" data-id=\"19d6d75\" data-element_type=\"widget\" data-e-type=\"widget\" data-widget_type=\"image.default\">\n\t\t\t\t<div class=\"elementor-widget-container\">\n\t\t\t\t\t\t\t\t\t\t\t\t<figure class=\"wp-caption\">\n\t\t\t\t\t\t\t\t\t\t\t<a href=\"https:\/\/www.barcelona.cat\/santjordi\/es\/la-leyenda\">\n\t\t\t\t\t\t\t<img decoding=\"async\" width=\"1024\" height=\"549\" src=\"https:\/\/carmeleespanolonline.com\/blog\/wp-content\/uploads\/2023\/04\/Leyenda-de-Sant-Jordi-1024x549.png\" class=\"attachment-large size-large wp-image-9603\" alt=\"\" srcset=\"https:\/\/carmeleespanolonline.com\/blog\/wp-content\/uploads\/2023\/04\/Leyenda-de-Sant-Jordi-1024x549.png 1024w, https:\/\/carmeleespanolonline.com\/blog\/wp-content\/uploads\/2023\/04\/Leyenda-de-Sant-Jordi-300x161.png 300w, https:\/\/carmeleespanolonline.com\/blog\/wp-content\/uploads\/2023\/04\/Leyenda-de-Sant-Jordi-768x412.png 768w, https:\/\/carmeleespanolonline.com\/blog\/wp-content\/uploads\/2023\/04\/Leyenda-de-Sant-Jordi-600x322.png 600w, https:\/\/carmeleespanolonline.com\/blog\/wp-content\/uploads\/2023\/04\/Leyenda-de-Sant-Jordi.png 1418w\" sizes=\"(max-width: 1024px) 100vw, 1024px\" \/>\t\t\t\t\t\t\t\t<\/a>\n\t\t\t\t\t\t\t\t\t\t\t<figcaption class=\"widget-image-caption wp-caption-text\">Ni\u00f1os celebrando el d\u00eda de Sant Jordi <\/figcaption>\n\t\t\t\t\t\t\t\t\t\t<\/figure>\n\t\t\t\t\t\t\t\t\t<\/div>\n\t\t\t\t<\/div>\n\t\t\t\t\t<\/div>\n\t\t<\/div>\n\t\t\t\t\t<\/div>\n\t\t<\/section>\n\t\t\t\t<section class=\"elementor-section elementor-top-section elementor-element elementor-element-cc9d165 elementor-section-boxed elementor-section-height-default elementor-section-height-default\" data-id=\"cc9d165\" data-element_type=\"section\" data-e-type=\"section\">\n\t\t\t\t\t\t<div class=\"elementor-container elementor-column-gap-default\">\n\t\t\t\t\t<div class=\"elementor-column elementor-col-100 elementor-top-column elementor-element elementor-element-02cc6fd\" data-id=\"02cc6fd\" data-element_type=\"column\" data-e-type=\"column\">\n\t\t\t<div class=\"elementor-widget-wrap elementor-element-populated\">\n\t\t\t\t\t\t<div class=\"elementor-element elementor-element-34601ad elementor-widget elementor-widget-text-editor\" data-id=\"34601ad\" data-element_type=\"widget\" data-e-type=\"widget\" data-widget_type=\"text-editor.default\">\n\t\t\t\t<div class=\"elementor-widget-container\">\n\t\t\t\t\t\t\t\t\t<h2><span class=\"ez-toc-section\" id=\"%C2%BFComo_se_celebra_este_dia_en_Espana\"><\/span><span style=\"color: #1569ae;\"><strong>\u00bfC\u00f3mo se celebra este d\u00eda en Espa\u00f1a?<\/strong><\/span><span class=\"ez-toc-section-end\"><\/span><\/h2><p>Aunque no es un d\u00eda festivo ene Espa\u00f1a, \u00a0es una fecha que se celebra por todo el territorio, en colegios y asociaciones culturales.<\/p><p>Este d\u00eda en los colegios se realizan muchas actividades relacionadas con la lectura, escritura y reconocimiento de autores, entre ellos por supuesto Cervantes y el Quijote. Es f\u00e1cil encontrar en parques, bibliotecas municipales alg\u00fan evento, posiblemente alguna lectura grupal del Quijote, recital de poes\u00eda, alguna obra de teatro, firma de libros\u2026 Si est\u00e1s en esta fecha en Espa\u00f1a p\u00e1sate por la biblioteca y pregunta porque seguro que hay alguna actividad para celebrar este d\u00eda.<\/p><p><strong>\u00a1Tambi\u00e9n puedes d\u00e9jate llevar en alguna biblioteca y adquirir un libro en espa\u00f1ol!<\/strong><\/p>\t\t\t\t\t\t\t\t<\/div>\n\t\t\t\t<\/div>\n\t\t\t\t\t<\/div>\n\t\t<\/div>\n\t\t\t\t\t<\/div>\n\t\t<\/section>\n\t\t\t\t<section class=\"elementor-section elementor-top-section elementor-element elementor-element-6bf1f92 elementor-section-boxed elementor-section-height-default elementor-section-height-default\" data-id=\"6bf1f92\" data-element_type=\"section\" data-e-type=\"section\">\n\t\t\t\t\t\t<div class=\"elementor-container elementor-column-gap-default\">\n\t\t\t\t\t<div class=\"elementor-column elementor-col-100 elementor-top-column elementor-element elementor-element-541e145\" data-id=\"541e145\" data-element_type=\"column\" data-e-type=\"column\">\n\t\t\t<div class=\"elementor-widget-wrap elementor-element-populated\">\n\t\t\t\t\t\t<div class=\"elementor-element elementor-element-cd8d946 elementor-widget elementor-widget-image\" data-id=\"cd8d946\" data-element_type=\"widget\" data-e-type=\"widget\" data-widget_type=\"image.default\">\n\t\t\t\t<div class=\"elementor-widget-container\">\n\t\t\t\t\t\t\t\t\t\t\t\t\t\t\t<img decoding=\"async\" width=\"674\" height=\"370\" src=\"https:\/\/carmeleespanolonline.com\/blog\/wp-content\/uploads\/2023\/04\/Captura-de-pantalla-2023-04-10-a-las-16.57.39.png\" class=\"attachment-large size-large wp-image-9612\" alt=\"Biblioteca\" srcset=\"https:\/\/carmeleespanolonline.com\/blog\/wp-content\/uploads\/2023\/04\/Captura-de-pantalla-2023-04-10-a-las-16.57.39.png 674w, https:\/\/carmeleespanolonline.com\/blog\/wp-content\/uploads\/2023\/04\/Captura-de-pantalla-2023-04-10-a-las-16.57.39-300x165.png 300w, https:\/\/carmeleespanolonline.com\/blog\/wp-content\/uploads\/2023\/04\/Captura-de-pantalla-2023-04-10-a-las-16.57.39-600x329.png 600w\" sizes=\"(max-width: 674px) 100vw, 674px\" \/>\t\t\t\t\t\t\t\t\t\t\t\t\t\t\t<\/div>\n\t\t\t\t<\/div>\n\t\t\t\t\t<\/div>\n\t\t<\/div>\n\t\t\t\t\t<\/div>\n\t\t<\/section>\n\t\t\t\t<section class=\"elementor-section elementor-top-section elementor-element elementor-element-5dd0039 elementor-section-boxed elementor-section-height-default elementor-section-height-default\" data-id=\"5dd0039\" data-element_type=\"section\" data-e-type=\"section\">\n\t\t\t\t\t\t<div class=\"elementor-container elementor-column-gap-default\">\n\t\t\t\t\t<div class=\"elementor-column elementor-col-100 elementor-top-column elementor-element elementor-element-b07bd7a\" data-id=\"b07bd7a\" data-element_type=\"column\" data-e-type=\"column\">\n\t\t\t<div class=\"elementor-widget-wrap\">\n\t\t\t\t\t\t\t<\/div>\n\t\t<\/div>\n\t\t\t\t\t<\/div>\n\t\t<\/section>\n\t\t\t\t<section class=\"elementor-section elementor-top-section elementor-element elementor-element-27c9d5c elementor-section-boxed elementor-section-height-default elementor-section-height-default\" data-id=\"27c9d5c\" data-element_type=\"section\" data-e-type=\"section\">\n\t\t\t\t\t\t<div class=\"elementor-container elementor-column-gap-default\">\n\t\t\t\t\t<div class=\"elementor-column elementor-col-100 elementor-top-column elementor-element elementor-element-7b7d620\" data-id=\"7b7d620\" data-element_type=\"column\" data-e-type=\"column\">\n\t\t\t<div class=\"elementor-widget-wrap elementor-element-populated\">\n\t\t\t\t\t\t<div class=\"elementor-element elementor-element-fc4ab39 elementor-widget elementor-widget-text-editor\" data-id=\"fc4ab39\" data-element_type=\"widget\" data-e-type=\"widget\" data-widget_type=\"text-editor.default\">\n\t\t\t\t<div class=\"elementor-widget-container\">\n\t\t\t\t\t\t\t\t\t<p>Si te interesa la cultura espa\u00f1ola o hispana, tambi\u00e9n te puede interesar estos art\u00edculos:<\/p>\t\t\t\t\t\t\t\t<\/div>\n\t\t\t\t<\/div>\n\t\t\t\t\t<\/div>\n\t\t<\/div>\n\t\t\t\t\t<\/div>\n\t\t<\/section>\n\t\t\t\t<section class=\"elementor-section elementor-top-section elementor-element elementor-element-c5b7f70 elementor-section-boxed elementor-section-height-default elementor-section-height-default\" data-id=\"c5b7f70\" data-element_type=\"section\" data-e-type=\"section\">\n\t\t\t\t\t\t<div class=\"elementor-container elementor-column-gap-default\">\n\t\t\t\t\t<div class=\"elementor-column elementor-col-33 elementor-top-column elementor-element elementor-element-49afd86\" data-id=\"49afd86\" data-element_type=\"column\" data-e-type=\"column\">\n\t\t\t<div class=\"elementor-widget-wrap elementor-element-populated\">\n\t\t\t\t\t\t<div class=\"elementor-element elementor-element-4782dd6 elementor-widget elementor-widget-image\" data-id=\"4782dd6\" data-element_type=\"widget\" data-e-type=\"widget\" data-widget_type=\"image.default\">\n\t\t\t\t<div class=\"elementor-widget-container\">\n\t\t\t\t\t\t\t\t\t\t\t\t<figure class=\"wp-caption\">\n\t\t\t\t\t\t\t\t\t\t\t<a href=\"https:\/\/carmeleespanolonline.com\/blog\/conoce-las-fallas\/\" target=\"_blank\">\n\t\t\t\t\t\t\t<img loading=\"lazy\" decoding=\"async\" width=\"530\" height=\"710\" src=\"https:\/\/carmeleespanolonline.com\/blog\/wp-content\/uploads\/2023\/03\/Falla-del-Ayuntamiento-2022.png\" class=\"attachment-large size-large wp-image-9567\" alt=\"Falla CarmEle Espa\u00f1ol Online\" srcset=\"https:\/\/carmeleespanolonline.com\/blog\/wp-content\/uploads\/2023\/03\/Falla-del-Ayuntamiento-2022.png 530w, https:\/\/carmeleespanolonline.com\/blog\/wp-content\/uploads\/2023\/03\/Falla-del-Ayuntamiento-2022-224x300.png 224w\" sizes=\"(max-width: 530px) 100vw, 530px\" \/>\t\t\t\t\t\t\t\t<\/a>\n\t\t\t\t\t\t\t\t\t\t\t<figcaption class=\"widget-image-caption wp-caption-text\">Fallas de Valencia<\/figcaption>\n\t\t\t\t\t\t\t\t\t\t<\/figure>\n\t\t\t\t\t\t\t\t\t<\/div>\n\t\t\t\t<\/div>\n\t\t\t\t\t<\/div>\n\t\t<\/div>\n\t\t\t\t<div class=\"elementor-column elementor-col-33 elementor-top-column elementor-element elementor-element-e7e7a68\" data-id=\"e7e7a68\" data-element_type=\"column\" data-e-type=\"column\">\n\t\t\t<div class=\"elementor-widget-wrap elementor-element-populated\">\n\t\t\t\t\t\t<div class=\"elementor-element elementor-element-a32be63 elementor-widget elementor-widget-image\" data-id=\"a32be63\" data-element_type=\"widget\" data-e-type=\"widget\" data-widget_type=\"image.default\">\n\t\t\t\t<div class=\"elementor-widget-container\">\n\t\t\t\t\t\t\t\t\t\t\t\t<figure class=\"wp-caption\">\n\t\t\t\t\t\t\t\t\t\t\t<a href=\"https:\/\/carmeleespanolonline.com\/blog\/carnaval-en-espana\/\" target=\"_blank\">\n\t\t\t\t\t\t\t<img loading=\"lazy\" decoding=\"async\" width=\"366\" height=\"244\" src=\"https:\/\/carmeleespanolonline.com\/blog\/wp-content\/uploads\/2022\/02\/Carnaval-en-Espana.png\" class=\"attachment-large size-large wp-image-6816\" alt=\"Carnaval en Espa\u00f1a CarmEle Espa\u00f1ol Online\" srcset=\"https:\/\/carmeleespanolonline.com\/blog\/wp-content\/uploads\/2022\/02\/Carnaval-en-Espana.png 366w, https:\/\/carmeleespanolonline.com\/blog\/wp-content\/uploads\/2022\/02\/Carnaval-en-Espana-300x200.png 300w\" sizes=\"(max-width: 366px) 100vw, 366px\" \/>\t\t\t\t\t\t\t\t<\/a>\n\t\t\t\t\t\t\t\t\t\t\t<figcaption class=\"widget-image-caption wp-caption-text\">Carnavales en Espa\u00f1a<\/figcaption>\n\t\t\t\t\t\t\t\t\t\t<\/figure>\n\t\t\t\t\t\t\t\t\t<\/div>\n\t\t\t\t<\/div>\n\t\t\t\t\t<\/div>\n\t\t<\/div>\n\t\t\t\t<div class=\"elementor-column elementor-col-33 elementor-top-column elementor-element elementor-element-c1f7f96\" data-id=\"c1f7f96\" data-element_type=\"column\" data-e-type=\"column\">\n\t\t\t<div class=\"elementor-widget-wrap elementor-element-populated\">\n\t\t\t\t\t\t<div class=\"elementor-element elementor-element-b2ec2f0 elementor-widget elementor-widget-image\" data-id=\"b2ec2f0\" data-element_type=\"widget\" data-e-type=\"widget\" data-widget_type=\"image.default\">\n\t\t\t\t<div class=\"elementor-widget-container\">\n\t\t\t\t\t\t\t\t\t\t\t\t<figure class=\"wp-caption\">\n\t\t\t\t\t\t\t\t\t\t\t<a href=\"https:\/\/carmeleespanolonline.com\/blog\/dia-de-los-difuntos-dia-de-los-muertos-y-halloween\/\" target=\"_blank\">\n\t\t\t\t\t\t\t<img loading=\"lazy\" decoding=\"async\" width=\"1282\" height=\"644\" src=\"https:\/\/carmeleespanolonline.com\/blog\/wp-content\/uploads\/2019\/10\/Captura-de-pantalla-2019-10-26-a-las-8.46.39.png\" class=\"attachment-1536x1536 size-1536x1536 wp-image-591\" alt=\"D\u00eda de los Difuntos, D\u00eda de los Muertos y Halloween\" srcset=\"https:\/\/carmeleespanolonline.com\/blog\/wp-content\/uploads\/2019\/10\/Captura-de-pantalla-2019-10-26-a-las-8.46.39.png 1282w, https:\/\/carmeleespanolonline.com\/blog\/wp-content\/uploads\/2019\/10\/Captura-de-pantalla-2019-10-26-a-las-8.46.39-600x301.png 600w, https:\/\/carmeleespanolonline.com\/blog\/wp-content\/uploads\/2019\/10\/Captura-de-pantalla-2019-10-26-a-las-8.46.39-300x151.png 300w, https:\/\/carmeleespanolonline.com\/blog\/wp-content\/uploads\/2019\/10\/Captura-de-pantalla-2019-10-26-a-las-8.46.39-768x386.png 768w, https:\/\/carmeleespanolonline.com\/blog\/wp-content\/uploads\/2019\/10\/Captura-de-pantalla-2019-10-26-a-las-8.46.39-1024x514.png 1024w\" sizes=\"(max-width: 1282px) 100vw, 1282px\" \/>\t\t\t\t\t\t\t\t<\/a>\n\t\t\t\t\t\t\t\t\t\t\t<figcaption class=\"widget-image-caption wp-caption-text\">D\u00eda de los difuntos en Espa\u00f1a<\/figcaption>\n\t\t\t\t\t\t\t\t\t\t<\/figure>\n\t\t\t\t\t\t\t\t\t<\/div>\n\t\t\t\t<\/div>\n\t\t\t\t\t<\/div>\n\t\t<\/div>\n\t\t\t\t\t<\/div>\n\t\t<\/section>\n\t\t\t\t<section class=\"elementor-section elementor-top-section elementor-element elementor-element-76e5344 elementor-section-boxed elementor-section-height-default elementor-section-height-default\" data-id=\"76e5344\" data-element_type=\"section\" data-e-type=\"section\">\n\t\t\t\t\t\t<div class=\"elementor-container elementor-column-gap-default\">\n\t\t\t\t\t<div class=\"elementor-column elementor-col-100 elementor-top-column elementor-element elementor-element-1d9aef5\" data-id=\"1d9aef5\" data-element_type=\"column\" data-e-type=\"column\">\n\t\t\t<div class=\"elementor-widget-wrap elementor-element-populated\">\n\t\t\t\t\t\t<div class=\"elementor-element elementor-element-7709e21 elementor-widget elementor-widget-heading\" data-id=\"7709e21\" data-element_type=\"widget\" data-e-type=\"widget\" data-widget_type=\"heading.default\">\n\t\t\t\t<div class=\"elementor-widget-container\">\n\t\t\t\t\t<p class=\"elementor-heading-title elementor-size-medium\"><a href=\"https:\/\/carmeleespanolonline.com\/blog\/contacto\/\" target=\"_blank\">Aprende espa\u00f1ol y su cultura conmigo<\/a><\/p>\t\t\t\t<\/div>\n\t\t\t\t<\/div>\n\t\t\t\t\t<\/div>\n\t\t<\/div>\n\t\t\t\t\t<\/div>\n\t\t<\/section>\n\t\t\t\t<\/div>\n\t\t","protected":false},"excerpt":{"rendered":"<p>El d\u00eda del libro es celebrado en toda Espa\u00f1a, tanto ni\u00f1os como mayores. En algunos lugares esta tradici\u00f3n se mezcla con la fantas\u00eda. \u00bfQuieres saber qu\u00e9 hacemos?<\/p>\n","protected":false},"author":1,"featured_media":10260,"comment_status":"open","ping_status":"open","sticky":false,"template":"","format":"standard","meta":{"site-sidebar-layout":"default","site-content-layout":"","ast-site-content-layout":"default","site-content-style":"default","site-sidebar-style":"default","ast-global-header-display":"","ast-banner-title-visibility":"","ast-main-header-display":"","ast-hfb-above-header-display":"","ast-hfb-below-header-display":"","ast-hfb-mobile-header-display":"","site-post-title":"","ast-breadcrumbs-content":"","ast-featured-img":"","footer-sml-layout":"","ast-disable-related-posts":"","theme-transparent-header-meta":"","adv-header-id-meta":"","stick-header-meta":"","header-above-stick-meta":"","header-main-stick-meta":"","header-below-stick-meta":"","astra-migrate-meta-layouts":"default","ast-page-background-enabled":"default","ast-page-background-meta":{"desktop":{"background-color":"","background-image":"","background-repeat":"repeat","background-position":"center center","background-size":"auto","background-attachment":"scroll","background-type":"","background-media":"","overlay-type":"","overlay-color":"","overlay-opacity":"","overlay-gradient":""},"tablet":{"background-color":"","background-image":"","background-repeat":"repeat","background-position":"center center","background-size":"auto","background-attachment":"scroll","background-type":"","background-media":"","overlay-type":"","overlay-color":"","overlay-opacity":"","overlay-gradient":""},"mobile":{"background-color":"","background-image":"","background-repeat":"repeat","background-position":"center center","background-size":"auto","background-attachment":"scroll","background-type":"","background-media":"","overlay-type":"","overlay-color":"","overlay-opacity":"","overlay-gradient":""}},"ast-content-background-meta":{"desktop":{"background-color":"var(--ast-global-color-5)","background-image":"","background-repeat":"repeat","background-position":"center center","background-size":"auto","background-attachment":"scroll","background-type":"","background-media":"","overlay-type":"","overlay-color":"","overlay-opacity":"","overlay-gradient":""},"tablet":{"background-color":"var(--ast-global-color-5)","background-image":"","background-repeat":"repeat","background-position":"center center","background-size":"auto","background-attachment":"scroll","background-type":"","background-media":"","overlay-type":"","overlay-color":"","overlay-opacity":"","overlay-gradient":""},"mobile":{"background-color":"var(--ast-global-color-5)","background-image":"","background-repeat":"repeat","background-position":"center center","background-size":"auto","background-attachment":"scroll","background-type":"","background-media":"","overlay-type":"","overlay-color":"","overlay-opacity":"","overlay-gradient":""}},"footnotes":""},"categories":[30],"tags":[],"class_list":["post-9595","post","type-post","status-publish","format-standard","has-post-thumbnail","hentry","category-culturaespanola"],"aioseo_notices":[],"_links":{"self":[{"href":"https:\/\/carmeleespanolonline.com\/blog\/wp-json\/wp\/v2\/posts\/9595","targetHints":{"allow":["GET"]}}],"collection":[{"href":"https:\/\/carmeleespanolonline.com\/blog\/wp-json\/wp\/v2\/posts"}],"about":[{"href":"https:\/\/carmeleespanolonline.com\/blog\/wp-json\/wp\/v2\/types\/post"}],"author":[{"embeddable":true,"href":"https:\/\/carmeleespanolonline.com\/blog\/wp-json\/wp\/v2\/users\/1"}],"replies":[{"embeddable":true,"href":"https:\/\/carmeleespanolonline.com\/blog\/wp-json\/wp\/v2\/comments?post=9595"}],"version-history":[{"count":30,"href":"https:\/\/carmeleespanolonline.com\/blog\/wp-json\/wp\/v2\/posts\/9595\/revisions"}],"predecessor-version":[{"id":10271,"href":"https:\/\/carmeleespanolonline.com\/blog\/wp-json\/wp\/v2\/posts\/9595\/revisions\/10271"}],"wp:featuredmedia":[{"embeddable":true,"href":"https:\/\/carmeleespanolonline.com\/blog\/wp-json\/wp\/v2\/media\/10260"}],"wp:attachment":[{"href":"https:\/\/carmeleespanolonline.com\/blog\/wp-json\/wp\/v2\/media?parent=9595"}],"wp:term":[{"taxonomy":"category","embeddable":true,"href":"https:\/\/carmeleespanolonline.com\/blog\/wp-json\/wp\/v2\/categories?post=9595"},{"taxonomy":"post_tag","embeddable":true,"href":"https:\/\/carmeleespanolonline.com\/blog\/wp-json\/wp\/v2\/tags?post=9595"}],"curies":[{"name":"wp","href":"https:\/\/api.w.org\/{rel}","templated":true}]}}