{"id":9554,"date":"2023-03-13T13:27:34","date_gmt":"2023-03-13T12:27:34","guid":{"rendered":"https:\/\/www.carmeleespanolonline.com\/blog\/?p=9554"},"modified":"2023-03-16T16:49:30","modified_gmt":"2023-03-16T15:49:30","slug":"conoce-las-fallas","status":"publish","type":"post","link":"https:\/\/carmeleespanolonline.com\/blog\/conoce-las-fallas\/","title":{"rendered":"Conoce Las Fallas"},"content":{"rendered":"\t\t<div data-elementor-type=\"wp-post\" data-elementor-id=\"9554\" class=\"elementor elementor-9554\" data-elementor-post-type=\"post\">\n\t\t\t\t\t\t<section class=\"elementor-section elementor-top-section elementor-element elementor-element-93434cc elementor-section-boxed elementor-section-height-default elementor-section-height-default\" data-id=\"93434cc\" data-element_type=\"section\" data-e-type=\"section\">\n\t\t\t\t\t\t<div class=\"elementor-container elementor-column-gap-default\">\n\t\t\t\t\t<div class=\"elementor-column elementor-col-100 elementor-top-column elementor-element elementor-element-faa79f9\" data-id=\"faa79f9\" data-element_type=\"column\" data-e-type=\"column\">\n\t\t\t<div class=\"elementor-widget-wrap elementor-element-populated\">\n\t\t\t\t\t\t<div class=\"elementor-element elementor-element-d88d62c elementor-widget elementor-widget-text-editor\" data-id=\"d88d62c\" data-element_type=\"widget\" data-e-type=\"widget\" data-widget_type=\"text-editor.default\">\n\t\t\t\t<div class=\"elementor-widget-container\">\n\t\t\t\t\t\t\t\t\t<p style=\"text-align: center;\"><strong>\u00bfTe gusta el ruido, los fuegos artificiales y el fuego?<\/strong><\/p><p>Si eres de los que no tienen miedo a estos elementos,\u00a0 esta fiesta espa\u00f1ola sin duda es la tuya.<\/p><p style=\"text-align: center;\"><strong>\u00bfConoces las Fallas valencianas?<\/strong><\/p><p>Si no las conoces, no te preocupes porque hoy vamos a hablar sobre la fiesta m\u00e1s conocida del mes de marzo, <strong>Las Fallas Valencianas<\/strong>.<\/p><p>Tambi\u00e9n te daremos algunos consejos para que puedas <strong>disfrutar de estas fiestas como un autentico valenciano<\/strong>.<\/p>\t\t\t\t\t\t\t\t<\/div>\n\t\t\t\t<\/div>\n\t\t\t\t\t<\/div>\n\t\t<\/div>\n\t\t\t\t\t<\/div>\n\t\t<\/section>\n\t\t\t\t<section class=\"elementor-section elementor-top-section elementor-element elementor-element-23dd027 elementor-section-boxed elementor-section-height-default elementor-section-height-default\" data-id=\"23dd027\" data-element_type=\"section\" data-e-type=\"section\">\n\t\t\t\t\t\t<div class=\"elementor-container elementor-column-gap-default\">\n\t\t\t\t\t<div class=\"elementor-column elementor-col-100 elementor-top-column elementor-element elementor-element-e7e3066\" data-id=\"e7e3066\" data-element_type=\"column\" data-e-type=\"column\">\n\t\t\t<div class=\"elementor-widget-wrap elementor-element-populated\">\n\t\t\t\t\t\t<div class=\"elementor-element elementor-element-a1773d0 elementor-widget elementor-widget-image\" data-id=\"a1773d0\" data-element_type=\"widget\" data-e-type=\"widget\" data-widget_type=\"image.default\">\n\t\t\t\t<div class=\"elementor-widget-container\">\n\t\t\t\t\t\t\t\t\t\t\t\t<figure class=\"wp-caption\">\n\t\t\t\t\t\t\t\t\t\t<img fetchpriority=\"high\" decoding=\"async\" width=\"1024\" height=\"1020\" src=\"https:\/\/carmeleespanolonline.com\/blog\/wp-content\/uploads\/2023\/03\/Cartel-fallas-1024x1020.png\" class=\"attachment-large size-large wp-image-9561\" alt=\"Cartel Fallas Valencia Carmele Espa\u00f1ol online\" srcset=\"https:\/\/carmeleespanolonline.com\/blog\/wp-content\/uploads\/2023\/03\/Cartel-fallas-1024x1020.png 1024w, https:\/\/carmeleespanolonline.com\/blog\/wp-content\/uploads\/2023\/03\/Cartel-fallas-300x300.png 300w, https:\/\/carmeleespanolonline.com\/blog\/wp-content\/uploads\/2023\/03\/Cartel-fallas-150x150.png 150w, https:\/\/carmeleespanolonline.com\/blog\/wp-content\/uploads\/2023\/03\/Cartel-fallas-768x765.png 768w, https:\/\/carmeleespanolonline.com\/blog\/wp-content\/uploads\/2023\/03\/Cartel-fallas-270x270.png 270w, https:\/\/carmeleespanolonline.com\/blog\/wp-content\/uploads\/2023\/03\/Cartel-fallas-230x230.png 230w, https:\/\/carmeleespanolonline.com\/blog\/wp-content\/uploads\/2023\/03\/Cartel-fallas-600x598.png 600w, https:\/\/carmeleespanolonline.com\/blog\/wp-content\/uploads\/2023\/03\/Cartel-fallas-100x100.png 100w, https:\/\/carmeleespanolonline.com\/blog\/wp-content\/uploads\/2023\/03\/Cartel-fallas.png 1472w\" sizes=\"(max-width: 1024px) 100vw, 1024px\" \/>\t\t\t\t\t\t\t\t\t\t\t<figcaption class=\"widget-image-caption wp-caption-text\">www.fallasvalencia.eu<\/figcaption>\n\t\t\t\t\t\t\t\t\t\t<\/figure>\n\t\t\t\t\t\t\t\t\t<\/div>\n\t\t\t\t<\/div>\n\t\t\t\t\t<\/div>\n\t\t<\/div>\n\t\t\t\t\t<\/div>\n\t\t<\/section>\n\t\t\t\t<section class=\"elementor-section elementor-top-section elementor-element elementor-element-3353405 elementor-section-boxed elementor-section-height-default elementor-section-height-default\" data-id=\"3353405\" data-element_type=\"section\" data-e-type=\"section\">\n\t\t\t\t\t\t<div class=\"elementor-container elementor-column-gap-default\">\n\t\t\t\t\t<div class=\"elementor-column elementor-col-100 elementor-top-column elementor-element elementor-element-11cc644\" data-id=\"11cc644\" data-element_type=\"column\" data-e-type=\"column\">\n\t\t\t<div class=\"elementor-widget-wrap elementor-element-populated\">\n\t\t\t\t\t\t<div class=\"elementor-element elementor-element-806bb89 elementor-widget elementor-widget-text-editor\" data-id=\"806bb89\" data-element_type=\"widget\" data-e-type=\"widget\" data-widget_type=\"text-editor.default\">\n\t\t\t\t<div class=\"elementor-widget-container\">\n\t\t\t\t\t\t\t\t\t<div id=\"ez-toc-container\" class=\"ez-toc-v2_0_82_2 counter-hierarchy ez-toc-counter ez-toc-transparent ez-toc-container-direction\">\n<div class=\"ez-toc-title-container\">\n<p class=\"ez-toc-title\" style=\"cursor:inherit\">Table of Contents<\/p>\n<span class=\"ez-toc-title-toggle\"><a href=\"#\" class=\"ez-toc-pull-right ez-toc-btn ez-toc-btn-xs ez-toc-btn-default ez-toc-toggle\" aria-label=\"Alternar tabla de contenidos\"><span class=\"ez-toc-js-icon-con\"><span class=\"\"><span class=\"eztoc-hide\" style=\"display:none;\">Toggle<\/span><span class=\"ez-toc-icon-toggle-span\"><svg style=\"fill: #1e73be;color:#1e73be\" xmlns=\"http:\/\/www.w3.org\/2000\/svg\" class=\"list-377408\" width=\"20px\" height=\"20px\" viewBox=\"0 0 24 24\" fill=\"none\"><path d=\"M6 6H4v2h2V6zm14 0H8v2h12V6zM4 11h2v2H4v-2zm16 0H8v2h12v-2zM4 16h2v2H4v-2zm16 0H8v2h12v-2z\" fill=\"currentColor\"><\/path><\/svg><svg style=\"fill: #1e73be;color:#1e73be\" class=\"arrow-unsorted-368013\" xmlns=\"http:\/\/www.w3.org\/2000\/svg\" width=\"10px\" height=\"10px\" viewBox=\"0 0 24 24\" version=\"1.2\" baseProfile=\"tiny\"><path d=\"M18.2 9.3l-6.2-6.3-6.2 6.3c-.2.2-.3.4-.3.7s.1.5.3.7c.2.2.4.3.7.3h11c.3 0 .5-.1.7-.3.2-.2.3-.5.3-.7s-.1-.5-.3-.7zM5.8 14.7l6.2 6.3 6.2-6.3c.2-.2.3-.5.3-.7s-.1-.5-.3-.7c-.2-.2-.4-.3-.7-.3h-11c-.3 0-.5.1-.7.3-.2.2-.3.5-.3.7s.1.5.3.7z\"\/><\/svg><\/span><\/span><\/span><\/a><\/span><\/div>\n<nav><ul class='ez-toc-list ez-toc-list-level-1 ' ><li class='ez-toc-page-1 ez-toc-heading-level-2'><a class=\"ez-toc-link ez-toc-heading-1\" href=\"https:\/\/carmeleespanolonline.com\/blog\/conoce-las-fallas\/#Origen_de_las_Fallas_de_Valencia\" >Origen de las Fallas de Valencia:<\/a><\/li><li class='ez-toc-page-1 ez-toc-heading-level-2'><a class=\"ez-toc-link ez-toc-heading-2\" href=\"https:\/\/carmeleespanolonline.com\/blog\/conoce-las-fallas\/#Algunos_conceptos_basicos\" >Algunos conceptos b\u00e1sicos<\/a><\/li><li class='ez-toc-page-1 ez-toc-heading-level-2'><a class=\"ez-toc-link ez-toc-heading-3\" href=\"https:\/\/carmeleespanolonline.com\/blog\/conoce-las-fallas\/#La_mascleta_1_al_19_de_marzo\" >La masclet\u00e0 (1 al 19 de marzo)<\/a><\/li><li class='ez-toc-page-1 ez-toc-heading-level-2'><a class=\"ez-toc-link ez-toc-heading-4\" href=\"https:\/\/carmeleespanolonline.com\/blog\/conoce-las-fallas\/#La_Planta_15_y_16_de_marzo\" >La\u00a0Plant\u00e0\u00a0(15 y 16 de marzo)<\/a><\/li><li class='ez-toc-page-1 ez-toc-heading-level-2'><a class=\"ez-toc-link ez-toc-heading-5\" href=\"https:\/\/carmeleespanolonline.com\/blog\/conoce-las-fallas\/#Entrega_de_premios_17_de_marzo\" >Entrega de premios 17 de marzo<\/a><\/li><li class='ez-toc-page-1 ez-toc-heading-level-2'><a class=\"ez-toc-link ez-toc-heading-6\" href=\"https:\/\/carmeleespanolonline.com\/blog\/conoce-las-fallas\/#Castillos_y_Nit_del_Foc_15_al_19_de_marzo\" >Castillos y Nit del Foc 15 al 19 de marzo<\/a><\/li><li class='ez-toc-page-1 ez-toc-heading-level-2'><a class=\"ez-toc-link ez-toc-heading-7\" href=\"https:\/\/carmeleespanolonline.com\/blog\/conoce-las-fallas\/#Ofrenda_de_flores_17_y_18_de_marzo\" >Ofrenda de flores 17 y 18 de marzo<\/a><\/li><li class='ez-toc-page-1 ez-toc-heading-level-2'><a class=\"ez-toc-link ez-toc-heading-8\" href=\"https:\/\/carmeleespanolonline.com\/blog\/conoce-las-fallas\/#La_Crema_19_de_marzo\" >La Crem\u00e0 19 de marzo<\/a><\/li><li class='ez-toc-page-1 ez-toc-heading-level-2'><a class=\"ez-toc-link ez-toc-heading-9\" href=\"https:\/\/carmeleespanolonline.com\/blog\/conoce-las-fallas\/#Consejos_de_profes_valencianas\" >Consejos de profes valencianas<\/a><\/li><\/ul><\/nav><\/div>\n<h2><span class=\"ez-toc-section\" id=\"Origen_de_las_Fallas_de_Valencia\"><\/span><strong><span style=\"color: #1569ae;\">Origen de las Fallas de Valencia:<\/span><\/strong><span class=\"ez-toc-section-end\"><\/span><\/h2><p>Comenzamos por saber <strong>c\u00f3mo comenzaron las Fallas<\/strong>, la versi\u00f3n m\u00e1s extendida nos habla que en la Edad Media, los carpinteros valencianos\u00a0 celebraban una fiesta o ritual en honor a <strong>su patr\u00f3n, San Jos\u00e9, el d\u00eda 19 de marzo.<\/strong> El ritual consist\u00eda en quemar los restos de su trabajo y los candiles con los que se iluminaban. Poco a poco esta costumbre fue creciendo y\u00a0 de los restos se crearon los Ninots, que son las figuras que puedes ver durante estas fiestas por toda la ciudad.<\/p><p>La primera referencia documentada de esta fiesta es en el a\u00f1o 1774, y se ha celebrado hasta entonces, aunque se han suspendido solo seis veces, por varias guerras entre ellas la Guerra Civil espa\u00f1ola y en el a\u00f1o 2020 por motivo del Covid-19.<\/p><p>Actualmente, las Fallas de Valencia son una de las fiestas m\u00e1s conocidas en el pa\u00eds y fuera de este, ha sido <strong>declarada de Inter\u00e9s Tur\u00edstico Internacional y Patrimonio Cultural Inmaterial de la Humanidad.<\/strong> Sin duda alguna es un planazo si quieres visitar Espa\u00f1a durante el mes de marzo.<\/p>\t\t\t\t\t\t\t\t<\/div>\n\t\t\t\t<\/div>\n\t\t\t\t\t<\/div>\n\t\t<\/div>\n\t\t\t\t\t<\/div>\n\t\t<\/section>\n\t\t\t\t<section class=\"elementor-section elementor-top-section elementor-element elementor-element-9bba4ae elementor-section-boxed elementor-section-height-default elementor-section-height-default\" data-id=\"9bba4ae\" data-element_type=\"section\" data-e-type=\"section\">\n\t\t\t\t\t\t<div class=\"elementor-container elementor-column-gap-default\">\n\t\t\t\t\t<div class=\"elementor-column elementor-col-100 elementor-top-column elementor-element elementor-element-1dc400b\" data-id=\"1dc400b\" data-element_type=\"column\" data-e-type=\"column\">\n\t\t\t<div class=\"elementor-widget-wrap elementor-element-populated\">\n\t\t\t\t\t\t<div class=\"elementor-element elementor-element-746ac08 elementor-widget elementor-widget-text-editor\" data-id=\"746ac08\" data-element_type=\"widget\" data-e-type=\"widget\" data-widget_type=\"text-editor.default\">\n\t\t\t\t<div class=\"elementor-widget-container\">\n\t\t\t\t\t\t\t\t\t<h2><span class=\"ez-toc-section\" id=\"Algunos_conceptos_basicos\"><\/span><strong><span style=\"color: #1569ae;\">Algunos conceptos b\u00e1sicos<\/span><\/strong><span class=\"ez-toc-section-end\"><\/span><\/h2><p>Antes de ver c\u00f3mo son estas fiestas vamos a ver \u00a0algunos conceptos b\u00e1sicos:<\/p><p><strong>Comisi\u00f3n fallera:<\/strong> Son los que organizan las fallas en los diferentes barrios. Ellos se encargan de la construcci\u00f3n, de la celebraci\u00f3n de las fiestas y de las actividades culturales y sociales que se realizan tambi\u00e9n el resto del a\u00f1o.<\/p><p><strong>Falla:<\/strong> Es el conjunto art\u00edstico que se quema el d\u00eda de la crem\u00e0, el 19 de marzo. El conjunto puede medir hasta 30 mestros y se construyen con materiales inflamables como madera, cart\u00f3n, telas, poliuretano\u2026 Tienen un car\u00e1cter cr\u00edtico y sat\u00edrico sobre temas de actualidad que han sido de inter\u00e9s durante el a\u00f1o. Hay fallas infantiles de menor tama\u00f1o.<\/p><p><strong>Ninot:<\/strong> Son figuras de menor tama\u00f1o que rodean a la escultura principal. Durante las fiestas se hace un concurso y todos los a\u00f1os se indulta una figura, quiere decir que esta figura no arde junto con la falla el d\u00eda de la crem\u00e0. <strong>Puedes ver estas figuras en el <a href=\"https:\/\/www.valencia.es\/-\/infociudad-museo-fallero-de-valencia\" target=\"_blank\" rel=\"noopener\">Museo Fallero.<\/a><\/strong><\/p>\t\t\t\t\t\t\t\t<\/div>\n\t\t\t\t<\/div>\n\t\t\t\t\t<\/div>\n\t\t<\/div>\n\t\t\t\t\t<\/div>\n\t\t<\/section>\n\t\t\t\t<section class=\"elementor-section elementor-top-section elementor-element elementor-element-f4d4a1d elementor-section-boxed elementor-section-height-default elementor-section-height-default\" data-id=\"f4d4a1d\" data-element_type=\"section\" data-e-type=\"section\">\n\t\t\t\t\t\t<div class=\"elementor-container elementor-column-gap-default\">\n\t\t\t\t\t<div class=\"elementor-column elementor-col-100 elementor-top-column elementor-element elementor-element-c8ae3c5\" data-id=\"c8ae3c5\" data-element_type=\"column\" data-e-type=\"column\">\n\t\t\t<div class=\"elementor-widget-wrap elementor-element-populated\">\n\t\t\t\t\t\t<div class=\"elementor-element elementor-element-d94681b elementor-widget elementor-widget-image\" data-id=\"d94681b\" data-element_type=\"widget\" data-e-type=\"widget\" data-widget_type=\"image.default\">\n\t\t\t\t<div class=\"elementor-widget-container\">\n\t\t\t\t\t\t\t\t\t\t\t\t<figure class=\"wp-caption\">\n\t\t\t\t\t\t\t\t\t\t<img decoding=\"async\" width=\"448\" height=\"374\" src=\"https:\/\/carmeleespanolonline.com\/blog\/wp-content\/uploads\/2023\/03\/Museo-Fallero.png\" class=\"attachment-large size-large wp-image-9562\" alt=\"Museo Fallero CarmEle Espa\u00f1ol Online\" srcset=\"https:\/\/carmeleespanolonline.com\/blog\/wp-content\/uploads\/2023\/03\/Museo-Fallero.png 448w, https:\/\/carmeleespanolonline.com\/blog\/wp-content\/uploads\/2023\/03\/Museo-Fallero-300x250.png 300w\" sizes=\"(max-width: 448px) 100vw, 448px\" \/>\t\t\t\t\t\t\t\t\t\t\t<figcaption class=\"widget-image-caption wp-caption-text\">Museo Fallero<\/figcaption>\n\t\t\t\t\t\t\t\t\t\t<\/figure>\n\t\t\t\t\t\t\t\t\t<\/div>\n\t\t\t\t<\/div>\n\t\t\t\t\t<\/div>\n\t\t<\/div>\n\t\t\t\t\t<\/div>\n\t\t<\/section>\n\t\t\t\t<section class=\"elementor-section elementor-top-section elementor-element elementor-element-807aca1 elementor-section-boxed elementor-section-height-default elementor-section-height-default\" data-id=\"807aca1\" data-element_type=\"section\" data-e-type=\"section\">\n\t\t\t\t\t\t<div class=\"elementor-container elementor-column-gap-default\">\n\t\t\t\t\t<div class=\"elementor-column elementor-col-100 elementor-top-column elementor-element elementor-element-ff63382\" data-id=\"ff63382\" data-element_type=\"column\" data-e-type=\"column\">\n\t\t\t<div class=\"elementor-widget-wrap elementor-element-populated\">\n\t\t\t\t\t\t<div class=\"elementor-element elementor-element-7ee6560 elementor-widget elementor-widget-text-editor\" data-id=\"7ee6560\" data-element_type=\"widget\" data-e-type=\"widget\" data-widget_type=\"text-editor.default\">\n\t\t\t\t<div class=\"elementor-widget-container\">\n\t\t\t\t\t\t\t\t\t<h2><span class=\"ez-toc-section\" id=\"La_mascleta_1_al_19_de_marzo\"><\/span><span style=\"color: #1569ae;\"><strong>La masclet\u00e0 (1 al 19 de marzo)<\/strong><\/span><span class=\"ez-toc-section-end\"><\/span><\/h2><p>Las Fallas de Valencia se celebran entre el d\u00eda 1 al 19 de marzo aunque los d\u00edas m\u00e1s intensos son los cercanos al d\u00eda del patr\u00f3n, del 15 al 19.<\/p><p>El 1 de marzo empiezala fiesta, en la plaza del Ayuntamiento a las 14 horas comienza con un <strong>espect\u00e1culo de p\u00f3lvora<\/strong> llamada la masclet\u00e1, es un acto donde los gobernantes de la ciudad y las comisiones falleras eligen a la Fallera Mayor e infantil y da paso con este acto a las fiestas. <strong>A partir de este d\u00eda puedes pasarte a la misma hora por el Ayuntamiento para disfrutarlo.<\/strong> La masclet\u00e1 es un espect\u00e1culo muy valorado por los valencianos, un espect\u00e1culo pirot\u00e9cnico de unos \u00a07 minutos y que puede alcanzar los 120 decibelios. Un consejo que me han dado algunos valencianos es que abra la boca o coma chicle durante el evento.<\/p>\t\t\t\t\t\t\t\t<\/div>\n\t\t\t\t<\/div>\n\t\t\t\t\t<\/div>\n\t\t<\/div>\n\t\t\t\t\t<\/div>\n\t\t<\/section>\n\t\t\t\t<section class=\"elementor-section elementor-top-section elementor-element elementor-element-517c5aa elementor-section-boxed elementor-section-height-default elementor-section-height-default\" data-id=\"517c5aa\" data-element_type=\"section\" data-e-type=\"section\">\n\t\t\t\t\t\t<div class=\"elementor-container elementor-column-gap-default\">\n\t\t\t\t\t<div class=\"elementor-column elementor-col-100 elementor-top-column elementor-element elementor-element-1d2b0ec\" data-id=\"1d2b0ec\" data-element_type=\"column\" data-e-type=\"column\">\n\t\t\t<div class=\"elementor-widget-wrap elementor-element-populated\">\n\t\t\t\t\t\t<div class=\"elementor-element elementor-element-1e6e6d0 elementor-widget elementor-widget-image\" data-id=\"1e6e6d0\" data-element_type=\"widget\" data-e-type=\"widget\" data-widget_type=\"image.default\">\n\t\t\t\t<div class=\"elementor-widget-container\">\n\t\t\t\t\t\t\t\t\t\t\t\t<figure class=\"wp-caption\">\n\t\t\t\t\t\t\t\t\t\t<img decoding=\"async\" width=\"442\" height=\"322\" src=\"https:\/\/carmeleespanolonline.com\/blog\/wp-content\/uploads\/2023\/03\/Mascleta.png\" class=\"attachment-large size-large wp-image-9566\" alt=\"\" srcset=\"https:\/\/carmeleespanolonline.com\/blog\/wp-content\/uploads\/2023\/03\/Mascleta.png 442w, https:\/\/carmeleespanolonline.com\/blog\/wp-content\/uploads\/2023\/03\/Mascleta-300x219.png 300w\" sizes=\"(max-width: 442px) 100vw, 442px\" \/>\t\t\t\t\t\t\t\t\t\t\t<figcaption class=\"widget-image-caption wp-caption-text\">M\u00e1sclet\u00e0. www.valenciaplaza.com<\/figcaption>\n\t\t\t\t\t\t\t\t\t\t<\/figure>\n\t\t\t\t\t\t\t\t\t<\/div>\n\t\t\t\t<\/div>\n\t\t\t\t\t<\/div>\n\t\t<\/div>\n\t\t\t\t\t<\/div>\n\t\t<\/section>\n\t\t\t\t<section class=\"elementor-section elementor-top-section elementor-element elementor-element-a47cbe2 elementor-section-boxed elementor-section-height-default elementor-section-height-default\" data-id=\"a47cbe2\" data-element_type=\"section\" data-e-type=\"section\">\n\t\t\t\t\t\t<div class=\"elementor-container elementor-column-gap-default\">\n\t\t\t\t\t<div class=\"elementor-column elementor-col-100 elementor-top-column elementor-element elementor-element-55f3e5f\" data-id=\"55f3e5f\" data-element_type=\"column\" data-e-type=\"column\">\n\t\t\t<div class=\"elementor-widget-wrap elementor-element-populated\">\n\t\t\t\t\t\t<div class=\"elementor-element elementor-element-6401b5d elementor-widget elementor-widget-text-editor\" data-id=\"6401b5d\" data-element_type=\"widget\" data-e-type=\"widget\" data-widget_type=\"text-editor.default\">\n\t\t\t\t<div class=\"elementor-widget-container\">\n\t\t\t\t\t\t\t\t\t<h2><span class=\"ez-toc-section\" id=\"La_Planta_15_y_16_de_marzo\"><\/span><strong><span><span style=\"color: #1569ae;\">La\u00a0<span style=\"caret-color: #1569ae;\">Plant\u00e0<\/span>\u00a0(15 y 16 de marzo)<\/span><\/span><\/strong><span class=\"ez-toc-section-end\"><\/span><\/h2><p>Se realiza durante la madrugada del 15 al 16, es la noche de m\u00e1s trabajo para los falleros,<strong> tienen que plantar, es decir, construir la Falla<\/strong> para que el jurado pase por la ma\u00f1ana del 16 a premiar las fallas mejores y elegir el Ninot que van a indultar del fuego de la Crem\u00e0.<\/p><h2><span class=\"ez-toc-section\" id=\"Entrega_de_premios_17_de_marzo\"><\/span><strong><span style=\"color: #1569ae;\">Entrega de premios 17 de marzo<\/span><\/strong><span class=\"ez-toc-section-end\"><\/span><\/h2><p>Durante la ma\u00f1ana del 17 las comisiones falleras realizan un desfile desde sus barrios hasta el Ayuntamiento donde se entregan los premios. Los premios tienen modalidad infantil y adulta y se dividen en diferentes categor\u00edas.<\/p>\t\t\t\t\t\t\t\t<\/div>\n\t\t\t\t<\/div>\n\t\t\t\t\t<\/div>\n\t\t<\/div>\n\t\t\t\t\t<\/div>\n\t\t<\/section>\n\t\t\t\t<section class=\"elementor-section elementor-top-section elementor-element elementor-element-3c7d878 elementor-section-boxed elementor-section-height-default elementor-section-height-default\" data-id=\"3c7d878\" data-element_type=\"section\" data-e-type=\"section\">\n\t\t\t\t\t\t<div class=\"elementor-container elementor-column-gap-default\">\n\t\t\t\t\t<div class=\"elementor-column elementor-col-100 elementor-top-column elementor-element elementor-element-895f865\" data-id=\"895f865\" data-element_type=\"column\" data-e-type=\"column\">\n\t\t\t<div class=\"elementor-widget-wrap elementor-element-populated\">\n\t\t\t\t\t\t<div class=\"elementor-element elementor-element-7cb5d52 elementor-widget elementor-widget-image\" data-id=\"7cb5d52\" data-element_type=\"widget\" data-e-type=\"widget\" data-widget_type=\"image.default\">\n\t\t\t\t<div class=\"elementor-widget-container\">\n\t\t\t\t\t\t\t\t\t\t\t\t<figure class=\"wp-caption\">\n\t\t\t\t\t\t\t\t\t\t<img loading=\"lazy\" decoding=\"async\" width=\"530\" height=\"710\" src=\"https:\/\/carmeleespanolonline.com\/blog\/wp-content\/uploads\/2023\/03\/Falla-del-Ayuntamiento-2022.png\" class=\"attachment-large size-large wp-image-9567\" alt=\"Falla CarmEle Espa\u00f1ol Online\" srcset=\"https:\/\/carmeleespanolonline.com\/blog\/wp-content\/uploads\/2023\/03\/Falla-del-Ayuntamiento-2022.png 530w, https:\/\/carmeleespanolonline.com\/blog\/wp-content\/uploads\/2023\/03\/Falla-del-Ayuntamiento-2022-224x300.png 224w\" sizes=\"(max-width: 530px) 100vw, 530px\" \/>\t\t\t\t\t\t\t\t\t\t\t<figcaption class=\"widget-image-caption wp-caption-text\">Falla del Ayuntamiento 2022. Wikipedia<\/figcaption>\n\t\t\t\t\t\t\t\t\t\t<\/figure>\n\t\t\t\t\t\t\t\t\t<\/div>\n\t\t\t\t<\/div>\n\t\t\t\t\t<\/div>\n\t\t<\/div>\n\t\t\t\t\t<\/div>\n\t\t<\/section>\n\t\t\t\t<section class=\"elementor-section elementor-top-section elementor-element elementor-element-ee11fb3 elementor-section-boxed elementor-section-height-default elementor-section-height-default\" data-id=\"ee11fb3\" data-element_type=\"section\" data-e-type=\"section\">\n\t\t\t\t\t\t<div class=\"elementor-container elementor-column-gap-default\">\n\t\t\t\t\t<div class=\"elementor-column elementor-col-100 elementor-top-column elementor-element elementor-element-fa5f693\" data-id=\"fa5f693\" data-element_type=\"column\" data-e-type=\"column\">\n\t\t\t<div class=\"elementor-widget-wrap elementor-element-populated\">\n\t\t\t\t\t\t<div class=\"elementor-element elementor-element-53e039a elementor-widget elementor-widget-text-editor\" data-id=\"53e039a\" data-element_type=\"widget\" data-e-type=\"widget\" data-widget_type=\"text-editor.default\">\n\t\t\t\t<div class=\"elementor-widget-container\">\n\t\t\t\t\t\t\t\t\t<h2><span class=\"ez-toc-section\" id=\"Castillos_y_Nit_del_Foc_15_al_19_de_marzo\"><\/span><span style=\"color: #1569ae;\"><strong>Castillos y Nit del Foc 15 al 19 de marzo<\/strong><\/span><span class=\"ez-toc-section-end\"><\/span><\/h2><p>Al igual que la masclet\u00e1 en las Fallas de Valencia hay actividades tambi\u00e9n por las noches, <strong>desde el d\u00eda 15 las noches de Valencia se llenan de luz y color con los catillos de fuegos artificiales<\/strong> en el paseo de la Alameda a partir de las 12 de la noche.<\/p><p>La madrugada del 18 al 19 los valencianos celebran <strong>la Nit del Foc, la noche del fuego,<\/strong> un espect\u00e1culo de fuegos artificiales impresionante que no te puedes perder si vas a las Fallas.<\/p><p>Adem\u00e1s durante estos d\u00edas hay diferentes actividades como las cabalgatas de Ninots, lo mejor es que mires el programa de actividades, aqu\u00ed puedes ver <a href=\"https:\/\/www.visitvalencia.com\/agenda-valencia\/programa-fallas-2023\" target=\"_blank\" rel=\"noopener\">el programa de este a\u00f1o 2023.<\/a><\/p>\t\t\t\t\t\t\t\t<\/div>\n\t\t\t\t<\/div>\n\t\t\t\t\t<\/div>\n\t\t<\/div>\n\t\t\t\t\t<\/div>\n\t\t<\/section>\n\t\t\t\t<section class=\"elementor-section elementor-top-section elementor-element elementor-element-e5dccfb elementor-section-boxed elementor-section-height-default elementor-section-height-default\" data-id=\"e5dccfb\" data-element_type=\"section\" data-e-type=\"section\">\n\t\t\t\t\t\t<div class=\"elementor-container elementor-column-gap-default\">\n\t\t\t\t\t<div class=\"elementor-column elementor-col-100 elementor-top-column elementor-element elementor-element-ba2c8ed\" data-id=\"ba2c8ed\" data-element_type=\"column\" data-e-type=\"column\">\n\t\t\t<div class=\"elementor-widget-wrap elementor-element-populated\">\n\t\t\t\t\t\t<div class=\"elementor-element elementor-element-c0e950e elementor-widget elementor-widget-image\" data-id=\"c0e950e\" data-element_type=\"widget\" data-e-type=\"widget\" data-widget_type=\"image.default\">\n\t\t\t\t<div class=\"elementor-widget-container\">\n\t\t\t\t\t\t\t\t\t\t\t\t\t\t\t<img loading=\"lazy\" decoding=\"async\" width=\"940\" height=\"460\" src=\"https:\/\/carmeleespanolonline.com\/blog\/wp-content\/uploads\/2023\/03\/Nit-el-Foc.-Valencia-Secreta.png\" class=\"attachment-large size-large wp-image-9568\" alt=\"\" srcset=\"https:\/\/carmeleespanolonline.com\/blog\/wp-content\/uploads\/2023\/03\/Nit-el-Foc.-Valencia-Secreta.png 940w, https:\/\/carmeleespanolonline.com\/blog\/wp-content\/uploads\/2023\/03\/Nit-el-Foc.-Valencia-Secreta-300x147.png 300w, https:\/\/carmeleespanolonline.com\/blog\/wp-content\/uploads\/2023\/03\/Nit-el-Foc.-Valencia-Secreta-768x376.png 768w, https:\/\/carmeleespanolonline.com\/blog\/wp-content\/uploads\/2023\/03\/Nit-el-Foc.-Valencia-Secreta-600x294.png 600w\" sizes=\"(max-width: 940px) 100vw, 940px\" \/>\t\t\t\t\t\t\t\t\t\t\t\t\t\t\t<\/div>\n\t\t\t\t<\/div>\n\t\t\t\t\t<\/div>\n\t\t<\/div>\n\t\t\t\t\t<\/div>\n\t\t<\/section>\n\t\t\t\t<section class=\"elementor-section elementor-top-section elementor-element elementor-element-52013d2 elementor-section-boxed elementor-section-height-default elementor-section-height-default\" data-id=\"52013d2\" data-element_type=\"section\" data-e-type=\"section\">\n\t\t\t\t\t\t<div class=\"elementor-container elementor-column-gap-default\">\n\t\t\t\t\t<div class=\"elementor-column elementor-col-100 elementor-top-column elementor-element elementor-element-66d2906\" data-id=\"66d2906\" data-element_type=\"column\" data-e-type=\"column\">\n\t\t\t<div class=\"elementor-widget-wrap elementor-element-populated\">\n\t\t\t\t\t\t<div class=\"elementor-element elementor-element-a6c2b6a elementor-widget elementor-widget-text-editor\" data-id=\"a6c2b6a\" data-element_type=\"widget\" data-e-type=\"widget\" data-widget_type=\"text-editor.default\">\n\t\t\t\t<div class=\"elementor-widget-container\">\n\t\t\t\t\t\t\t\t\t<h2><span class=\"ez-toc-section\" id=\"Ofrenda_de_flores_17_y_18_de_marzo\"><\/span><span style=\"color: #1569ae;\"><strong>Ofrenda de flores 17 y 18 de marzo<\/strong><\/span><span class=\"ez-toc-section-end\"><\/span><\/h2><p>Como muchas fiestas espa\u00f1olas, las Fallas de Valencia tienen tambi\u00e9n una relaci\u00f3n con la religi\u00f3n. En estos dos d\u00edas <strong>las comisiones falleras desfilan desde sus barrios hasta la plaza de la Virgen de los Desamparados, patrona de Valencia para realizar una ofrenda floral<\/strong>.\u00a0 Con los ramos se compone un manto a la Virgen de unos 15 metros. Es una visita muy recomendable.<\/p>\t\t\t\t\t\t\t\t<\/div>\n\t\t\t\t<\/div>\n\t\t\t\t\t<\/div>\n\t\t<\/div>\n\t\t\t\t\t<\/div>\n\t\t<\/section>\n\t\t\t\t<section class=\"elementor-section elementor-top-section elementor-element elementor-element-1c277ce elementor-section-boxed elementor-section-height-default elementor-section-height-default\" data-id=\"1c277ce\" data-element_type=\"section\" data-e-type=\"section\">\n\t\t\t\t\t\t<div class=\"elementor-container elementor-column-gap-default\">\n\t\t\t\t\t<div class=\"elementor-column elementor-col-100 elementor-top-column elementor-element elementor-element-e7a12a3\" data-id=\"e7a12a3\" data-element_type=\"column\" data-e-type=\"column\">\n\t\t\t<div class=\"elementor-widget-wrap elementor-element-populated\">\n\t\t\t\t\t\t<div class=\"elementor-element elementor-element-8f2c421 elementor-widget elementor-widget-image\" data-id=\"8f2c421\" data-element_type=\"widget\" data-e-type=\"widget\" data-widget_type=\"image.default\">\n\t\t\t\t<div class=\"elementor-widget-container\">\n\t\t\t\t\t\t\t\t\t\t\t\t<figure class=\"wp-caption\">\n\t\t\t\t\t\t\t\t\t\t<img loading=\"lazy\" decoding=\"async\" width=\"1024\" height=\"596\" src=\"https:\/\/carmeleespanolonline.com\/blog\/wp-content\/uploads\/2023\/03\/Ofrenda-de-Flores.-Visit-Valencia-1024x596.png\" class=\"attachment-large size-large wp-image-9569\" alt=\"Ofrenda de flores. CarmEle espa\u00f1ol Online visit Valencia\" srcset=\"https:\/\/carmeleespanolonline.com\/blog\/wp-content\/uploads\/2023\/03\/Ofrenda-de-Flores.-Visit-Valencia-1024x596.png 1024w, https:\/\/carmeleespanolonline.com\/blog\/wp-content\/uploads\/2023\/03\/Ofrenda-de-Flores.-Visit-Valencia-300x175.png 300w, https:\/\/carmeleespanolonline.com\/blog\/wp-content\/uploads\/2023\/03\/Ofrenda-de-Flores.-Visit-Valencia-768x447.png 768w, https:\/\/carmeleespanolonline.com\/blog\/wp-content\/uploads\/2023\/03\/Ofrenda-de-Flores.-Visit-Valencia-600x349.png 600w, https:\/\/carmeleespanolonline.com\/blog\/wp-content\/uploads\/2023\/03\/Ofrenda-de-Flores.-Visit-Valencia.png 1392w\" sizes=\"(max-width: 1024px) 100vw, 1024px\" \/>\t\t\t\t\t\t\t\t\t\t\t<figcaption class=\"widget-image-caption wp-caption-text\">Ofrenda de Flores. Visit Valencia<\/figcaption>\n\t\t\t\t\t\t\t\t\t\t<\/figure>\n\t\t\t\t\t\t\t\t\t<\/div>\n\t\t\t\t<\/div>\n\t\t\t\t\t<\/div>\n\t\t<\/div>\n\t\t\t\t\t<\/div>\n\t\t<\/section>\n\t\t\t\t<section class=\"elementor-section elementor-top-section elementor-element elementor-element-397944b elementor-section-boxed elementor-section-height-default elementor-section-height-default\" data-id=\"397944b\" data-element_type=\"section\" data-e-type=\"section\">\n\t\t\t\t\t\t<div class=\"elementor-container elementor-column-gap-default\">\n\t\t\t\t\t<div class=\"elementor-column elementor-col-100 elementor-top-column elementor-element elementor-element-88cf168\" data-id=\"88cf168\" data-element_type=\"column\" data-e-type=\"column\">\n\t\t\t<div class=\"elementor-widget-wrap elementor-element-populated\">\n\t\t\t\t\t\t<div class=\"elementor-element elementor-element-696db19 elementor-widget elementor-widget-text-editor\" data-id=\"696db19\" data-element_type=\"widget\" data-e-type=\"widget\" data-widget_type=\"text-editor.default\">\n\t\t\t\t<div class=\"elementor-widget-container\">\n\t\t\t\t\t\t\t\t\t<h2><span class=\"ez-toc-section\" id=\"La_Crema_19_de_marzo\"><\/span><span style=\"color: #1569ae;\"><strong>La Crem\u00e0 19 de marzo<\/strong><\/span><span class=\"ez-toc-section-end\"><\/span><\/h2><p><strong>Es el d\u00eda grande de las Fallas de Valencia,<\/strong> todas las fallas infantiles y adultas deben arder este d\u00eda. Puedes hacer una ruta para ir de falla en falla y disfrutar como un aut\u00e9ntico valenciano. La crem\u00e0 comienza a las 8 de la tarde con las fallas infantiles y sobre las 10 de la noche las fallas grandes, excepto el primer premio que se quema a las 10:30. <strong>Las Fallas termina cuando arde la falla del Ayuntamiento a las 11 de la noche.<\/strong><\/p>\t\t\t\t\t\t\t\t<\/div>\n\t\t\t\t<\/div>\n\t\t\t\t\t<\/div>\n\t\t<\/div>\n\t\t\t\t\t<\/div>\n\t\t<\/section>\n\t\t\t\t<section class=\"elementor-section elementor-top-section elementor-element elementor-element-aad901c elementor-section-boxed elementor-section-height-default elementor-section-height-default\" data-id=\"aad901c\" data-element_type=\"section\" data-e-type=\"section\">\n\t\t\t\t\t\t<div class=\"elementor-container elementor-column-gap-default\">\n\t\t\t\t\t<div class=\"elementor-column elementor-col-100 elementor-top-column elementor-element elementor-element-ca15de2\" data-id=\"ca15de2\" data-element_type=\"column\" data-e-type=\"column\">\n\t\t\t<div class=\"elementor-widget-wrap elementor-element-populated\">\n\t\t\t\t\t\t<div class=\"elementor-element elementor-element-dbc59f3 elementor-widget elementor-widget-image\" data-id=\"dbc59f3\" data-element_type=\"widget\" data-e-type=\"widget\" data-widget_type=\"image.default\">\n\t\t\t\t<div class=\"elementor-widget-container\">\n\t\t\t\t\t\t\t\t\t\t\t\t<figure class=\"wp-caption\">\n\t\t\t\t\t\t\t\t\t\t<img loading=\"lazy\" decoding=\"async\" width=\"728\" height=\"586\" src=\"https:\/\/carmeleespanolonline.com\/blog\/wp-content\/uploads\/2023\/03\/La-Crema.-Visit-Valencia.png\" class=\"attachment-large size-large wp-image-9570\" alt=\"Las Fallas Carmele Espa\u00f1ol Online\" srcset=\"https:\/\/carmeleespanolonline.com\/blog\/wp-content\/uploads\/2023\/03\/La-Crema.-Visit-Valencia.png 728w, https:\/\/carmeleespanolonline.com\/blog\/wp-content\/uploads\/2023\/03\/La-Crema.-Visit-Valencia-300x241.png 300w, https:\/\/carmeleespanolonline.com\/blog\/wp-content\/uploads\/2023\/03\/La-Crema.-Visit-Valencia-600x483.png 600w\" sizes=\"(max-width: 728px) 100vw, 728px\" \/>\t\t\t\t\t\t\t\t\t\t\t<figcaption class=\"widget-image-caption wp-caption-text\">La Crem\u00e0. Visit Valencia<\/figcaption>\n\t\t\t\t\t\t\t\t\t\t<\/figure>\n\t\t\t\t\t\t\t\t\t<\/div>\n\t\t\t\t<\/div>\n\t\t\t\t\t<\/div>\n\t\t<\/div>\n\t\t\t\t\t<\/div>\n\t\t<\/section>\n\t\t\t\t<section class=\"elementor-section elementor-top-section elementor-element elementor-element-6cc522f elementor-section-boxed elementor-section-height-default elementor-section-height-default\" data-id=\"6cc522f\" data-element_type=\"section\" data-e-type=\"section\">\n\t\t\t\t\t\t<div class=\"elementor-container elementor-column-gap-default\">\n\t\t\t\t\t<div class=\"elementor-column elementor-col-100 elementor-top-column elementor-element elementor-element-1a2c1a7\" data-id=\"1a2c1a7\" data-element_type=\"column\" data-e-type=\"column\">\n\t\t\t<div class=\"elementor-widget-wrap elementor-element-populated\">\n\t\t\t\t\t\t<div class=\"elementor-element elementor-element-395c82d elementor-widget elementor-widget-spacer\" data-id=\"395c82d\" data-element_type=\"widget\" data-e-type=\"widget\" data-widget_type=\"spacer.default\">\n\t\t\t\t<div class=\"elementor-widget-container\">\n\t\t\t\t\t\t\t<div class=\"elementor-spacer\">\n\t\t\t<div class=\"elementor-spacer-inner\"><\/div>\n\t\t<\/div>\n\t\t\t\t\t\t<\/div>\n\t\t\t\t<\/div>\n\t\t\t\t\t<\/div>\n\t\t<\/div>\n\t\t\t\t\t<\/div>\n\t\t<\/section>\n\t\t\t\t<section class=\"elementor-section elementor-top-section elementor-element elementor-element-4bddba5 elementor-section-boxed elementor-section-height-default elementor-section-height-default\" data-id=\"4bddba5\" data-element_type=\"section\" data-e-type=\"section\">\n\t\t\t\t\t\t<div class=\"elementor-container elementor-column-gap-default\">\n\t\t\t\t\t<div class=\"elementor-column elementor-col-100 elementor-top-column elementor-element elementor-element-42eb2bb\" data-id=\"42eb2bb\" data-element_type=\"column\" data-e-type=\"column\">\n\t\t\t<div class=\"elementor-widget-wrap elementor-element-populated\">\n\t\t\t\t\t\t<div class=\"elementor-element elementor-element-1786c58 elementor-widget elementor-widget-text-editor\" data-id=\"1786c58\" data-element_type=\"widget\" data-e-type=\"widget\" data-widget_type=\"text-editor.default\">\n\t\t\t\t<div class=\"elementor-widget-container\">\n\t\t\t\t\t\t\t\t\t<p>Hace unos a\u00f1os junto a Manuela, estuvimos hablando sobre las Fallas. Si quieres recordar este directo tienes el video a continuaci\u00f3n.\u00a0<\/p>\t\t\t\t\t\t\t\t<\/div>\n\t\t\t\t<\/div>\n\t\t\t\t\t<\/div>\n\t\t<\/div>\n\t\t\t\t\t<\/div>\n\t\t<\/section>\n\t\t\t\t<section class=\"elementor-section elementor-top-section elementor-element elementor-element-5bc3f7f elementor-section-boxed elementor-section-height-default elementor-section-height-default\" data-id=\"5bc3f7f\" data-element_type=\"section\" data-e-type=\"section\">\n\t\t\t\t\t\t<div class=\"elementor-container elementor-column-gap-default\">\n\t\t\t\t\t<div class=\"elementor-column elementor-col-100 elementor-top-column elementor-element elementor-element-b63fc24\" data-id=\"b63fc24\" data-element_type=\"column\" data-e-type=\"column\">\n\t\t\t<div class=\"elementor-widget-wrap elementor-element-populated\">\n\t\t\t\t\t\t<div class=\"elementor-element elementor-element-bf3ac92 elementor-widget elementor-widget-spacer\" data-id=\"bf3ac92\" data-element_type=\"widget\" data-e-type=\"widget\" data-widget_type=\"spacer.default\">\n\t\t\t\t<div class=\"elementor-widget-container\">\n\t\t\t\t\t\t\t<div class=\"elementor-spacer\">\n\t\t\t<div class=\"elementor-spacer-inner\"><\/div>\n\t\t<\/div>\n\t\t\t\t\t\t<\/div>\n\t\t\t\t<\/div>\n\t\t\t\t\t<\/div>\n\t\t<\/div>\n\t\t\t\t\t<\/div>\n\t\t<\/section>\n\t\t\t\t<section class=\"elementor-section elementor-top-section elementor-element elementor-element-373a4e7 elementor-section-boxed elementor-section-height-default elementor-section-height-default\" data-id=\"373a4e7\" data-element_type=\"section\" data-e-type=\"section\">\n\t\t\t\t\t\t<div class=\"elementor-container elementor-column-gap-default\">\n\t\t\t\t\t<div class=\"elementor-column elementor-col-100 elementor-top-column elementor-element elementor-element-3d625ae\" data-id=\"3d625ae\" data-element_type=\"column\" data-e-type=\"column\">\n\t\t\t<div class=\"elementor-widget-wrap elementor-element-populated\">\n\t\t\t\t\t\t<div class=\"elementor-element elementor-element-c75409a elementor-widget elementor-widget-video\" data-id=\"c75409a\" data-element_type=\"widget\" data-e-type=\"widget\" data-settings=\"{&quot;youtube_url&quot;:&quot;https:\\\/\\\/youtu.be\\\/_pPwhK7f6eM&quot;,&quot;video_type&quot;:&quot;youtube&quot;,&quot;controls&quot;:&quot;yes&quot;}\" data-widget_type=\"video.default\">\n\t\t\t\t<div class=\"elementor-widget-container\">\n\t\t\t\t\t\t\t<div class=\"elementor-wrapper elementor-open-inline\">\n\t\t\t<div class=\"elementor-video\"><\/div>\t\t<\/div>\n\t\t\t\t\t\t<\/div>\n\t\t\t\t<\/div>\n\t\t\t\t\t<\/div>\n\t\t<\/div>\n\t\t\t\t\t<\/div>\n\t\t<\/section>\n\t\t\t\t<section class=\"elementor-section elementor-top-section elementor-element elementor-element-4211029 elementor-section-boxed elementor-section-height-default elementor-section-height-default\" data-id=\"4211029\" data-element_type=\"section\" data-e-type=\"section\">\n\t\t\t\t\t\t<div class=\"elementor-container elementor-column-gap-default\">\n\t\t\t\t\t<div class=\"elementor-column elementor-col-100 elementor-top-column elementor-element elementor-element-8d1a583\" data-id=\"8d1a583\" data-element_type=\"column\" data-e-type=\"column\">\n\t\t\t<div class=\"elementor-widget-wrap elementor-element-populated\">\n\t\t\t\t\t\t<div class=\"elementor-element elementor-element-75e18e4 elementor-widget elementor-widget-spacer\" data-id=\"75e18e4\" data-element_type=\"widget\" data-e-type=\"widget\" data-widget_type=\"spacer.default\">\n\t\t\t\t<div class=\"elementor-widget-container\">\n\t\t\t\t\t\t\t<div class=\"elementor-spacer\">\n\t\t\t<div class=\"elementor-spacer-inner\"><\/div>\n\t\t<\/div>\n\t\t\t\t\t\t<\/div>\n\t\t\t\t<\/div>\n\t\t\t\t\t<\/div>\n\t\t<\/div>\n\t\t\t\t\t<\/div>\n\t\t<\/section>\n\t\t\t\t<section class=\"elementor-section elementor-top-section elementor-element elementor-element-99031e4 elementor-section-boxed elementor-section-height-default elementor-section-height-default\" data-id=\"99031e4\" data-element_type=\"section\" data-e-type=\"section\">\n\t\t\t\t\t\t<div class=\"elementor-container elementor-column-gap-default\">\n\t\t\t\t\t<div class=\"elementor-column elementor-col-100 elementor-top-column elementor-element elementor-element-6c54b08\" data-id=\"6c54b08\" data-element_type=\"column\" data-e-type=\"column\">\n\t\t\t<div class=\"elementor-widget-wrap elementor-element-populated\">\n\t\t\t\t\t\t<div class=\"elementor-element elementor-element-8ac33d1 elementor-widget elementor-widget-text-editor\" data-id=\"8ac33d1\" data-element_type=\"widget\" data-e-type=\"widget\" data-widget_type=\"text-editor.default\">\n\t\t\t\t<div class=\"elementor-widget-container\">\n\t\t\t\t\t\t\t\t\t<h2><span class=\"ez-toc-section\" id=\"Consejos_de_profes_valencianas\"><\/span><span style=\"color: #1569ae;\"><strong>Consejos de profes valencianas<\/strong><\/span><span class=\"ez-toc-section-end\"><\/span><\/h2><p>He aprovechado mis contactos con Amparo de<a href=\"https:\/\/www.instagram.com\/bilinguas\/\" target=\"_blank\" rel=\"noopener\"> Bilinguas<\/a> y Manuela de <a href=\"https:\/\/www.instagram.com\/manuela_insegnante_spagnola\/\" target=\"_blank\" rel=\"noopener\">Manuela Insegnane Spagnola<\/a>, para que nos den algunos consejos como buenas valencianas que son.<\/p><p>\u00a1Ah\u00ed van!<\/p><ul><li>Ten en cuenta que en Fallas las personas tiran muchos petardos y parece que haya una guerra. No dejar\u00e1s de o\u00edr explosiones. <strong>As\u00ed que si pensabas viajar con tu perro o alguna mascota es mejor que visites la ciudad en otras fechas porque con los petardos los animales lo pasan muy mal.<\/strong><\/li><li>Igual pasa <strong>si vas con ni\u00f1os o personas que no soporten el ruido por diferentes motivos, lo pasar\u00e1n muy mal.<\/strong> \u00a0Es una fiesta muy ruidosa, no hay silencio a ninguna hora entre los espect\u00e1culos de p\u00f3lvora, conciertos, desfiles, discosm\u00f3viles\u2026\u00a0<\/li><li><strong>V\u00edstete con ropa c\u00f3moda,<\/strong> sobre todo el calzado porque caminar\u00e1s mucho. Aunque en Fallas suele estar el metro abierto las 24 horas, ver\u00e1s que casi todas las Fallas grandes est\u00e1n por el centro y por lo tanto ir\u00e1s de una a otra caminando.<\/li><li><strong>Usa el metro o tranv\u00eda o ve a pie.<\/strong> Olv\u00eddate del coche y la moto porque hay muchas calles cortadas.<\/li><li>\u00a0<\/li><li>Solo podr\u00e1s disfrutar de la fiesta como espectador, a no ser que tengas un amigo fallero y te invite a participar desde dentro de la fiesta.<\/li><li><strong>Consigue un mapa de las principales Fallas.<\/strong> Las principales son las de secci\u00f3n Especial y suelen ser las m\u00e1s bonitas y tambi\u00e9n las m\u00e1s visitadas. As\u00ed que, seguramente habr\u00e1 mucha gente y en algunas tendr\u00e1s que hacer cola o seguir a la multitud para verlas. Lo mejor es que vayas por la ma\u00f1ana, antes de ir a la Masclet\u00e0 que se celebra todos los d\u00edas a las 14:00 en la plaza del Ayuntamiento<\/li><li>Los d\u00edas 17 y 18 puedes dejarte la tarde para ver la procesi\u00f3n de las Comisiones falleras llevando las flores a la Virgen de los Desamparados y acercarte a ver c\u00f3mo van haciendo el mant\u00f3n de la Virgen.\u00a0<strong>Si vas a quedarte hasta despu\u00e9s de Fallas, puedes pasar a ver el trabajo terminado el d\u00eda 20 con menos gente y m\u00e1s tranquilidad.<\/strong><\/li><li><strong>Por la tarde,<\/strong> cuando se haga de noche, <strong>puedes visitar algunas de las calles mejor iluminadas. Inf\u00f3rmate de los horarios de los espect\u00e1culos de luz y m\u00fasica<\/strong>. Suelen empezar a las 20:30 y los repiten durante la noche.<\/li><li><strong>Por la noche<\/strong> en algunas partes de la ciudad hacen <strong>verbenas abiertas a todo el mundo<\/strong> (otras son carpas privadas de las comisiones falleras). Normalmente por la zona de Ruzafa podr\u00e1s disfrutar de m\u00fasica y fiesta.<\/li><li>Aunque en la programaci\u00f3n oficial pone que las Fallas se queman el 19 de marzo a las 22:00 y la del Ayuntamiento a las 23:00, ver\u00e1s en no es as\u00ed. Piensa que aunque hay muchos bomberos y llegan tambi\u00e9n refuerzos de otros lugares, algunas fallas m\u00e1s peque\u00f1as tienen que esperar y encender su falla cuando llegan los bomberos. As\u00ed que, s<strong>i vas a ver quemar la falla del Ayuntamiento, despu\u00e9s puedes dar una vuelta por el centro para ver quemar otras m\u00e1s peque\u00f1as.<\/strong><\/li><li><strong>Vigila tus pertenencias<\/strong>, en estos d\u00edas el n\u00famero de polic\u00edas aumenta pero hay mucha aglomeraci\u00f3n en las calles. \u00a1Ten cuidado!<\/li><li>Por \u00faltimo dos consejos para ser un aut\u00e9ntico valenciano,<strong> come churros y bu\u00f1uelos, alejados del centro de la ciudad estar\u00e1s m\u00e1s tranquilo<\/strong> y <strong>\u00a1\u00a1\u00a1compra petardos!!!<\/strong> As\u00ed podr\u00e1s participar de esta ruidosa fiesta un poco m\u00e1s.<\/li><\/ul>\t\t\t\t\t\t\t\t<\/div>\n\t\t\t\t<\/div>\n\t\t\t\t\t<\/div>\n\t\t<\/div>\n\t\t\t\t\t<\/div>\n\t\t<\/section>\n\t\t\t\t<section class=\"elementor-section elementor-top-section elementor-element elementor-element-d1c9aa8 elementor-section-boxed elementor-section-height-default elementor-section-height-default\" data-id=\"d1c9aa8\" data-element_type=\"section\" data-e-type=\"section\">\n\t\t\t\t\t\t<div class=\"elementor-container elementor-column-gap-default\">\n\t\t\t\t\t<div class=\"elementor-column elementor-col-100 elementor-top-column elementor-element elementor-element-8aae429\" data-id=\"8aae429\" data-element_type=\"column\" data-e-type=\"column\">\n\t\t\t<div class=\"elementor-widget-wrap elementor-element-populated\">\n\t\t\t\t\t\t<div class=\"elementor-element elementor-element-873642a elementor-widget elementor-widget-text-editor\" data-id=\"873642a\" data-element_type=\"widget\" data-e-type=\"widget\" data-widget_type=\"text-editor.default\">\n\t\t\t\t<div class=\"elementor-widget-container\">\n\t\t\t\t\t\t\t\t\t<p>Pues bien, \u00bfqu\u00e9 te ha parecido el art\u00edculo de este mes? A m\u00ed me han entrado ganas de irme corriendo a las Fallas y \u00a1creo que llego a tiempo de la Masclet\u00e0!\u00a0<\/p><p>\u00a0<\/p><p>Espero que te haya gustado, seguir\u00e9 escribiendo sobre m\u00e1s aspectos culturales de Espa\u00f1a. \u00a0Si quieres puedes dejarme un comentario sobre alguna tradici\u00f3n o fiesta que te llame a atenci\u00f3n y quieras saber m\u00e1s sobre ella.<\/p><p style=\"text-align: center;\"><strong>\u00bfY t\u00fa has ido a Valencia? \u00bfConoces las Fallas? Cu\u00e9ntame en comentarios<\/strong><\/p><p>\u00a0<\/p>\t\t\t\t\t\t\t\t<\/div>\n\t\t\t\t<\/div>\n\t\t\t\t\t<\/div>\n\t\t<\/div>\n\t\t\t\t\t<\/div>\n\t\t<\/section>\n\t\t\t\t<section class=\"elementor-section elementor-top-section elementor-element elementor-element-4cb281b elementor-section-boxed elementor-section-height-default elementor-section-height-default\" data-id=\"4cb281b\" data-element_type=\"section\" data-e-type=\"section\">\n\t\t\t\t\t\t<div class=\"elementor-container elementor-column-gap-default\">\n\t\t\t\t\t<div class=\"elementor-column elementor-col-100 elementor-top-column elementor-element elementor-element-d8521c2\" data-id=\"d8521c2\" data-element_type=\"column\" data-e-type=\"column\">\n\t\t\t<div class=\"elementor-widget-wrap elementor-element-populated\">\n\t\t\t\t\t\t<div class=\"elementor-element elementor-element-32be9ed elementor-widget elementor-widget-heading\" data-id=\"32be9ed\" data-element_type=\"widget\" data-e-type=\"widget\" data-widget_type=\"heading.default\">\n\t\t\t\t<div class=\"elementor-widget-container\">\n\t\t\t\t\t<p class=\"elementor-heading-title elementor-size-medium\"><a href=\"https:\/\/carmeleespanolonline.com\/blog\/carnaval-en-espana\/\" target=\"_blank\">Conoce m\u00e1s sobre la cultura espa\u00f1ola<\/a><\/p>\t\t\t\t<\/div>\n\t\t\t\t<\/div>\n\t\t\t\t\t<\/div>\n\t\t<\/div>\n\t\t\t\t\t<\/div>\n\t\t<\/section>\n\t\t\t\t<section class=\"elementor-section elementor-top-section elementor-element elementor-element-f6b4fd2 elementor-section-boxed elementor-section-height-default elementor-section-height-default\" data-id=\"f6b4fd2\" data-element_type=\"section\" data-e-type=\"section\">\n\t\t\t\t\t\t<div class=\"elementor-container elementor-column-gap-default\">\n\t\t\t\t\t<div class=\"elementor-column elementor-col-100 elementor-top-column elementor-element elementor-element-55f09f2\" data-id=\"55f09f2\" data-element_type=\"column\" data-e-type=\"column\">\n\t\t\t<div class=\"elementor-widget-wrap elementor-element-populated\">\n\t\t\t\t\t\t\t<\/div>\n\t\t<\/div>\n\t\t\t\t\t<\/div>\n\t\t<\/section>\n\t\t\t\t<section class=\"elementor-section elementor-top-section elementor-element elementor-element-e9179ce elementor-section-boxed elementor-section-height-default elementor-section-height-default\" data-id=\"e9179ce\" data-element_type=\"section\" data-e-type=\"section\">\n\t\t\t\t\t\t<div class=\"elementor-container elementor-column-gap-default\">\n\t\t\t\t\t<div class=\"elementor-column elementor-col-50 elementor-top-column elementor-element elementor-element-3a642dd\" data-id=\"3a642dd\" data-element_type=\"column\" data-e-type=\"column\">\n\t\t\t<div class=\"elementor-widget-wrap elementor-element-populated\">\n\t\t\t\t\t\t<div class=\"elementor-element elementor-element-680b6d8 elementor-widget elementor-widget-text-editor\" data-id=\"680b6d8\" data-element_type=\"widget\" data-e-type=\"widget\" data-widget_type=\"text-editor.default\">\n\t\t\t\t<div class=\"elementor-widget-container\">\n\t\t\t\t\t\t\t\t\t<div><p>Hola, soy Carmen la profe de Carmele Espa\u00f1ol \u00a0Online. \u00a0Puedes saber m\u00e1s sobre m\u00ed pinchando <a href=\"https:\/\/carmeleespanolonline.com\/blog\/sobre-mi\/\" target=\"_blank\" rel=\"noopener\">aqu\u00ed<\/a>.<\/p><\/div><div><p>\u00a0<\/p><\/div><div><p>Estos art\u00edculos est\u00e1n creados para que conozcas m\u00e1s sobre la cultura espa\u00f1ola. Aprender un idioma no es solo conectar palabras, usar una determinada estructura, para m\u00ed es conocer su cultura, disfrutar de su gastronom\u00eda\u2026\u00a0<\/p><\/div><div><p>\u00a0<\/p><\/div><div><p>Si quieres practicar y mejorar tu espa\u00f1ol conociendo Espa\u00f1a y otros pa\u00edses latinoamericanos, puedes <a href=\"https:\/\/carmeleespanolonline.com\/blog\/contacto\/\" target=\"_blank\" rel=\"noopener\">contactar conmigo<\/a>. \u00a0<strong>\u00a1Empezamos cuando quieras!<\/strong><\/p><\/div>\t\t\t\t\t\t\t\t<\/div>\n\t\t\t\t<\/div>\n\t\t\t\t\t<\/div>\n\t\t<\/div>\n\t\t\t\t<div class=\"elementor-column elementor-col-50 elementor-top-column elementor-element elementor-element-016afb6\" data-id=\"016afb6\" data-element_type=\"column\" data-e-type=\"column\">\n\t\t\t<div class=\"elementor-widget-wrap elementor-element-populated\">\n\t\t\t\t\t\t<div class=\"elementor-element elementor-element-7d009ed elementor-widget elementor-widget-image\" data-id=\"7d009ed\" data-element_type=\"widget\" data-e-type=\"widget\" data-widget_type=\"image.default\">\n\t\t\t\t<div class=\"elementor-widget-container\">\n\t\t\t\t\t\t\t\t\t\t\t\t\t\t\t<img loading=\"lazy\" decoding=\"async\" width=\"683\" height=\"1024\" src=\"https:\/\/carmeleespanolonline.com\/blog\/wp-content\/uploads\/2020\/09\/carmele-espanol-online-1-683x1024.jpg\" class=\"attachment-large size-large wp-image-2175\" alt=\"Online Spanish teacher\" srcset=\"https:\/\/carmeleespanolonline.com\/blog\/wp-content\/uploads\/2020\/09\/carmele-espanol-online-1-683x1024.jpg 683w, https:\/\/carmeleespanolonline.com\/blog\/wp-content\/uploads\/2020\/09\/carmele-espanol-online-1-scaled-600x900.jpg 600w, https:\/\/carmeleespanolonline.com\/blog\/wp-content\/uploads\/2020\/09\/carmele-espanol-online-1-200x300.jpg 200w, https:\/\/carmeleespanolonline.com\/blog\/wp-content\/uploads\/2020\/09\/carmele-espanol-online-1-768x1152.jpg 768w, https:\/\/carmeleespanolonline.com\/blog\/wp-content\/uploads\/2020\/09\/carmele-espanol-online-1-1024x1536.jpg 1024w, https:\/\/carmeleespanolonline.com\/blog\/wp-content\/uploads\/2020\/09\/carmele-espanol-online-1-1365x2048.jpg 1365w, https:\/\/carmeleespanolonline.com\/blog\/wp-content\/uploads\/2020\/09\/carmele-espanol-online-1-scaled.jpg 1707w\" sizes=\"(max-width: 683px) 100vw, 683px\" \/>\t\t\t\t\t\t\t\t\t\t\t\t\t\t\t<\/div>\n\t\t\t\t<\/div>\n\t\t\t\t\t<\/div>\n\t\t<\/div>\n\t\t\t\t\t<\/div>\n\t\t<\/section>\n\t\t\t\t<\/div>\n\t\t","protected":false},"excerpt":{"rendered":"<p>Conoce y disfruta una de las fiestas m\u00e1s conocidas en Espa\u00f1a, te damos consejos para que disfrutes como un valenciano m\u00e1s. <\/p>\n","protected":false},"author":1,"featured_media":9567,"comment_status":"open","ping_status":"open","sticky":false,"template":"","format":"standard","meta":{"site-sidebar-layout":"default","site-content-layout":"","ast-site-content-layout":"default","site-content-style":"default","site-sidebar-style":"default","ast-global-header-display":"","ast-banner-title-visibility":"","ast-main-header-display":"","ast-hfb-above-header-display":"","ast-hfb-below-header-display":"","ast-hfb-mobile-header-display":"","site-post-title":"","ast-breadcrumbs-content":"","ast-featured-img":"","footer-sml-layout":"","ast-disable-related-posts":"","theme-transparent-header-meta":"","adv-header-id-meta":"","stick-header-meta":"","header-above-stick-meta":"","header-main-stick-meta":"","header-below-stick-meta":"","astra-migrate-meta-layouts":"default","ast-page-background-enabled":"default","ast-page-background-meta":{"desktop":{"background-color":"","background-image":"","background-repeat":"repeat","background-position":"center center","background-size":"auto","background-attachment":"scroll","background-type":"","background-media":"","overlay-type":"","overlay-color":"","overlay-opacity":"","overlay-gradient":""},"tablet":{"background-color":"","background-image":"","background-repeat":"repeat","background-position":"center center","background-size":"auto","background-attachment":"scroll","background-type":"","background-media":"","overlay-type":"","overlay-color":"","overlay-opacity":"","overlay-gradient":""},"mobile":{"background-color":"","background-image":"","background-repeat":"repeat","background-position":"center center","background-size":"auto","background-attachment":"scroll","background-type":"","background-media":"","overlay-type":"","overlay-color":"","overlay-opacity":"","overlay-gradient":""}},"ast-content-background-meta":{"desktop":{"background-color":"var(--ast-global-color-5)","background-image":"","background-repeat":"repeat","background-position":"center center","background-size":"auto","background-attachment":"scroll","background-type":"","background-media":"","overlay-type":"","overlay-color":"","overlay-opacity":"","overlay-gradient":""},"tablet":{"background-color":"var(--ast-global-color-5)","background-image":"","background-repeat":"repeat","background-position":"center center","background-size":"auto","background-attachment":"scroll","background-type":"","background-media":"","overlay-type":"","overlay-color":"","overlay-opacity":"","overlay-gradient":""},"mobile":{"background-color":"var(--ast-global-color-5)","background-image":"","background-repeat":"repeat","background-position":"center center","background-size":"auto","background-attachment":"scroll","background-type":"","background-media":"","overlay-type":"","overlay-color":"","overlay-opacity":"","overlay-gradient":""}},"footnotes":""},"categories":[30],"tags":[],"class_list":["post-9554","post","type-post","status-publish","format-standard","has-post-thumbnail","hentry","category-culturaespanola"],"aioseo_notices":[],"_links":{"self":[{"href":"https:\/\/carmeleespanolonline.com\/blog\/wp-json\/wp\/v2\/posts\/9554","targetHints":{"allow":["GET"]}}],"collection":[{"href":"https:\/\/carmeleespanolonline.com\/blog\/wp-json\/wp\/v2\/posts"}],"about":[{"href":"https:\/\/carmeleespanolonline.com\/blog\/wp-json\/wp\/v2\/types\/post"}],"author":[{"embeddable":true,"href":"https:\/\/carmeleespanolonline.com\/blog\/wp-json\/wp\/v2\/users\/1"}],"replies":[{"embeddable":true,"href":"https:\/\/carmeleespanolonline.com\/blog\/wp-json\/wp\/v2\/comments?post=9554"}],"version-history":[{"count":19,"href":"https:\/\/carmeleespanolonline.com\/blog\/wp-json\/wp\/v2\/posts\/9554\/revisions"}],"predecessor-version":[{"id":9592,"href":"https:\/\/carmeleespanolonline.com\/blog\/wp-json\/wp\/v2\/posts\/9554\/revisions\/9592"}],"wp:featuredmedia":[{"embeddable":true,"href":"https:\/\/carmeleespanolonline.com\/blog\/wp-json\/wp\/v2\/media\/9567"}],"wp:attachment":[{"href":"https:\/\/carmeleespanolonline.com\/blog\/wp-json\/wp\/v2\/media?parent=9554"}],"wp:term":[{"taxonomy":"category","embeddable":true,"href":"https:\/\/carmeleespanolonline.com\/blog\/wp-json\/wp\/v2\/categories?post=9554"},{"taxonomy":"post_tag","embeddable":true,"href":"https:\/\/carmeleespanolonline.com\/blog\/wp-json\/wp\/v2\/tags?post=9554"}],"curies":[{"name":"wp","href":"https:\/\/api.w.org\/{rel}","templated":true}]}}