{"id":3774,"date":"2021-02-11T18:33:14","date_gmt":"2021-02-11T17:33:14","guid":{"rendered":"https:\/\/www.carmeleespanolonline.com\/blog\/?p=3774"},"modified":"2021-04-20T18:46:37","modified_gmt":"2021-04-20T17:46:37","slug":"comprension-auditiva-en-espanol-carmen-perez","status":"publish","type":"post","link":"https:\/\/carmeleespanolonline.com\/blog\/comprension-auditiva-en-espanol-carmen-perez\/","title":{"rendered":"Comprensi\u00f3n auditiva espa\u00f1ol: Entrevista a Carmen P\u00e9rez, asesora de imagen"},"content":{"rendered":"\t\t<div data-elementor-type=\"wp-post\" data-elementor-id=\"3774\" class=\"elementor elementor-3774\" data-elementor-post-type=\"post\">\n\t\t\t\t\t\t<section class=\"elementor-section elementor-top-section elementor-element elementor-element-10cede4 elementor-section-boxed elementor-section-height-default elementor-section-height-default\" data-id=\"10cede4\" data-element_type=\"section\" data-e-type=\"section\">\n\t\t\t\t\t\t<div class=\"elementor-container elementor-column-gap-default\">\n\t\t\t\t\t<div class=\"elementor-column elementor-col-100 elementor-top-column elementor-element elementor-element-c4b176b\" data-id=\"c4b176b\" data-element_type=\"column\" data-e-type=\"column\">\n\t\t\t<div class=\"elementor-widget-wrap elementor-element-populated\">\n\t\t\t\t\t\t<div class=\"elementor-element elementor-element-a1786dd elementor-widget elementor-widget-text-editor\" data-id=\"a1786dd\" data-element_type=\"widget\" data-e-type=\"widget\" data-widget_type=\"text-editor.default\">\n\t\t\t\t<div class=\"elementor-widget-container\">\n\t\t\t\t\t\t\t\t\t<p>\u00bfEres estudiante de espa\u00f1ol y quieres mejorar tu comprensi\u00f3n auditiva?<\/p><p>\u00bfTe gusta la moda?<\/p><p>Pues esta entrevista te gustar\u00e1, hoy entrevisto a Carmen P\u00e9rez, youtuber y bloguera de moda y bienestar.<\/p>\t\t\t\t\t\t\t\t<\/div>\n\t\t\t\t<\/div>\n\t\t\t\t\t<\/div>\n\t\t<\/div>\n\t\t\t\t\t<\/div>\n\t\t<\/section>\n\t\t\t\t<section class=\"elementor-section elementor-top-section elementor-element elementor-element-a20fa73 elementor-section-boxed elementor-section-height-default elementor-section-height-default\" data-id=\"a20fa73\" data-element_type=\"section\" data-e-type=\"section\">\n\t\t\t\t\t\t<div class=\"elementor-container elementor-column-gap-default\">\n\t\t\t\t\t<div class=\"elementor-column elementor-col-100 elementor-top-column elementor-element elementor-element-f2723c2\" data-id=\"f2723c2\" data-element_type=\"column\" data-e-type=\"column\">\n\t\t\t<div class=\"elementor-widget-wrap elementor-element-populated\">\n\t\t\t\t\t\t<div class=\"elementor-element elementor-element-b1f0270 elementor-widget elementor-widget-image\" data-id=\"b1f0270\" data-element_type=\"widget\" data-e-type=\"widget\" data-widget_type=\"image.default\">\n\t\t\t\t<div class=\"elementor-widget-container\">\n\t\t\t\t\t\t\t\t\t\t\t\t\t\t\t<img fetchpriority=\"high\" decoding=\"async\" width=\"800\" height=\"800\" src=\"https:\/\/carmeleespanolonline.com\/blog\/wp-content\/uploads\/2021\/02\/Comprension-auditiva-buscando-tu-estilo-2.png\" class=\"attachment-large size-large wp-image-3775\" alt=\"Comprensi\u00f3n auditiva espa\u00f1ol\" srcset=\"https:\/\/carmeleespanolonline.com\/blog\/wp-content\/uploads\/2021\/02\/Comprension-auditiva-buscando-tu-estilo-2.png 800w, https:\/\/carmeleespanolonline.com\/blog\/wp-content\/uploads\/2021\/02\/Comprension-auditiva-buscando-tu-estilo-2-300x300.png 300w, https:\/\/carmeleespanolonline.com\/blog\/wp-content\/uploads\/2021\/02\/Comprension-auditiva-buscando-tu-estilo-2-100x100.png 100w, https:\/\/carmeleespanolonline.com\/blog\/wp-content\/uploads\/2021\/02\/Comprension-auditiva-buscando-tu-estilo-2-600x600.png 600w, https:\/\/carmeleespanolonline.com\/blog\/wp-content\/uploads\/2021\/02\/Comprension-auditiva-buscando-tu-estilo-2-150x150.png 150w, https:\/\/carmeleespanolonline.com\/blog\/wp-content\/uploads\/2021\/02\/Comprension-auditiva-buscando-tu-estilo-2-768x768.png 768w, https:\/\/carmeleespanolonline.com\/blog\/wp-content\/uploads\/2021\/02\/Comprension-auditiva-buscando-tu-estilo-2-270x270.png 270w, https:\/\/carmeleespanolonline.com\/blog\/wp-content\/uploads\/2021\/02\/Comprension-auditiva-buscando-tu-estilo-2-230x230.png 230w\" sizes=\"(max-width: 800px) 100vw, 800px\" \/>\t\t\t\t\t\t\t\t\t\t\t\t\t\t\t<\/div>\n\t\t\t\t<\/div>\n\t\t\t\t\t<\/div>\n\t\t<\/div>\n\t\t\t\t\t<\/div>\n\t\t<\/section>\n\t\t\t\t<section class=\"elementor-section elementor-top-section elementor-element elementor-element-8661b93 elementor-section-boxed elementor-section-height-default elementor-section-height-default\" data-id=\"8661b93\" data-element_type=\"section\" data-e-type=\"section\">\n\t\t\t\t\t\t<div class=\"elementor-container elementor-column-gap-default\">\n\t\t\t\t\t<div class=\"elementor-column elementor-col-100 elementor-top-column elementor-element elementor-element-e81a6d1\" data-id=\"e81a6d1\" data-element_type=\"column\" data-e-type=\"column\">\n\t\t\t<div class=\"elementor-widget-wrap elementor-element-populated\">\n\t\t\t\t\t\t<div class=\"elementor-element elementor-element-aa50084 elementor-widget elementor-widget-text-editor\" data-id=\"aa50084\" data-element_type=\"widget\" data-e-type=\"widget\" data-widget_type=\"text-editor.default\">\n\t\t\t\t<div class=\"elementor-widget-container\">\n\t\t\t\t\t\t\t\t\t<div id=\"ez-toc-container\" class=\"ez-toc-v2_0_82_2 counter-hierarchy ez-toc-counter ez-toc-transparent ez-toc-container-direction\">\n<div class=\"ez-toc-title-container\">\n<p class=\"ez-toc-title\" style=\"cursor:inherit\">Table of Contents<\/p>\n<span class=\"ez-toc-title-toggle\"><a href=\"#\" class=\"ez-toc-pull-right ez-toc-btn ez-toc-btn-xs ez-toc-btn-default ez-toc-toggle\" aria-label=\"Alternar tabla de contenidos\"><span class=\"ez-toc-js-icon-con\"><span class=\"\"><span class=\"eztoc-hide\" style=\"display:none;\">Toggle<\/span><span class=\"ez-toc-icon-toggle-span\"><svg style=\"fill: #1e73be;color:#1e73be\" xmlns=\"http:\/\/www.w3.org\/2000\/svg\" class=\"list-377408\" width=\"20px\" height=\"20px\" viewBox=\"0 0 24 24\" fill=\"none\"><path d=\"M6 6H4v2h2V6zm14 0H8v2h12V6zM4 11h2v2H4v-2zm16 0H8v2h12v-2zM4 16h2v2H4v-2zm16 0H8v2h12v-2z\" fill=\"currentColor\"><\/path><\/svg><svg style=\"fill: #1e73be;color:#1e73be\" class=\"arrow-unsorted-368013\" xmlns=\"http:\/\/www.w3.org\/2000\/svg\" width=\"10px\" height=\"10px\" viewBox=\"0 0 24 24\" version=\"1.2\" baseProfile=\"tiny\"><path d=\"M18.2 9.3l-6.2-6.3-6.2 6.3c-.2.2-.3.4-.3.7s.1.5.3.7c.2.2.4.3.7.3h11c.3 0 .5-.1.7-.3.2-.2.3-.5.3-.7s-.1-.5-.3-.7zM5.8 14.7l6.2 6.3 6.2-6.3c.2-.2.3-.5.3-.7s-.1-.5-.3-.7c-.2-.2-.4-.3-.7-.3h-11c-.3 0-.5.1-.7.3-.2.2-.3.5-.3.7s.1.5.3.7z\"\/><\/svg><\/span><\/span><\/span><\/a><\/span><\/div>\n<nav><ul class='ez-toc-list ez-toc-list-level-1 ' ><li class='ez-toc-page-1 ez-toc-heading-level-2'><a class=\"ez-toc-link ez-toc-heading-1\" href=\"https:\/\/carmeleespanolonline.com\/blog\/comprension-auditiva-en-espanol-carmen-perez\/#%C2%BFCual_es_la_dinamica_de_la_comprension_auditiva\" >\u00bfCu\u00e1l es la din\u00e1mica de la comprensi\u00f3n auditiva?<\/a><\/li><li class='ez-toc-page-1 ez-toc-heading-level-2'><a class=\"ez-toc-link ez-toc-heading-2\" href=\"https:\/\/carmeleespanolonline.com\/blog\/comprension-auditiva-en-espanol-carmen-perez\/#%C2%BFQuien_es_Carmen_Perez_de_Buscando_tu_estilo\" >\u00bfQui\u00e9n es Carmen P\u00e9rez de Buscando tu estilo?<\/a><\/li><li class='ez-toc-page-1 ez-toc-heading-level-2'><a class=\"ez-toc-link ez-toc-heading-3\" href=\"https:\/\/carmeleespanolonline.com\/blog\/comprension-auditiva-en-espanol-carmen-perez\/#Ejercicios_interactivos_de_comprension_auditiva_en_espanol\" >Ejercicios interactivos de comprensi\u00f3n auditiva en espa\u00f1ol<\/a><ul class='ez-toc-list-level-3' ><li class='ez-toc-heading-level-3'><a class=\"ez-toc-link ez-toc-heading-4\" href=\"https:\/\/carmeleespanolonline.com\/blog\/comprension-auditiva-en-espanol-carmen-perez\/#1_Practica_el_vocabulario_que_aparece_en_la_entrevista\" >1. Practica el vocabulario que aparece en la entrevista<\/a><\/li><li class='ez-toc-page-1 ez-toc-heading-level-3'><a class=\"ez-toc-link ez-toc-heading-5\" href=\"https:\/\/carmeleespanolonline.com\/blog\/comprension-auditiva-en-espanol-carmen-perez\/#2_Escucha_atentamente_la_entrevista_y_responde_a_las_preguntas\" >2. Escucha atentamente la entrevista y responde a las preguntas<\/a><\/li><li class='ez-toc-page-1 ez-toc-heading-level-3'><a class=\"ez-toc-link ez-toc-heading-6\" href=\"https:\/\/carmeleespanolonline.com\/blog\/comprension-auditiva-en-espanol-carmen-perez\/#4_Contesta_verdadero_o_falso_a_estas_afirmaciones\" >4. Contesta verdadero o falso a estas afirmaciones<\/a><\/li><li class='ez-toc-page-1 ez-toc-heading-level-3'><a class=\"ez-toc-link ez-toc-heading-7\" href=\"https:\/\/carmeleespanolonline.com\/blog\/comprension-auditiva-en-espanol-carmen-perez\/#5_Elige_las_opciones_correctas\" >5. Elige las opciones correctas<\/a><\/li><li class='ez-toc-page-1 ez-toc-heading-level-3'><a class=\"ez-toc-link ez-toc-heading-8\" href=\"https:\/\/carmeleespanolonline.com\/blog\/comprension-auditiva-en-espanol-carmen-perez\/#6_Responde_a_las_preguntas\" >6. Responde a las preguntas<\/a><\/li><\/ul><\/li><\/ul><\/nav><\/div>\n<h2><span class=\"ez-toc-section\" id=\"%C2%BFCual_es_la_dinamica_de_la_comprension_auditiva\"><\/span><strong><span style=\"color: #1563ab;\">\u00bfCu\u00e1l es la din\u00e1mica de la comprensi\u00f3n auditiva?<\/span><\/strong><span class=\"ez-toc-section-end\"><\/span><\/h2><p>Antes de empezar con el ejercicio voy a darte unos consejos para que puedas aprovechar bien esta oportunidad de mejorar tu comprensi\u00f3n auditiva.<\/p><p>Estos ejercicios parten de la idea de que conozcas a personas que se dedican a diferentes tem\u00e1ticas y en este caso, desarrolla su actividad en las redes sociales. \u00a0Si te interesa el tema puedes seguirla y practicar comprensi\u00f3n auditiva incluso aprender vocabulario con una tem\u00e1tica interesante para ti. En este caso la moda y los cuidados personales.<\/p><p>Ahora te explico c\u00f3mo puedes trabajar la entrevista.<\/p><p>Esta pr\u00e1ctica consistir\u00e1 en un video donde entrevistar\u00e9 a una persona y te propondr\u00e9 una serie de preguntas que tendr\u00e1s que responder. Adem\u00e1s a\u00f1adir\u00e9 algunos ejercicios de vocabulario espec\u00edfico que te ayude a comprender mejor la conversaci\u00f3n y expresiones que salgan en la misma.<\/p><p>Te propongo esta forma de trabajo:<\/p><ul><li>Revisa el glosario de vocabulario<\/li><li>Lee las preguntas atentamente<\/li><li><strong>Primera escucha<\/strong> del audio\/video, la primera audici\u00f3n puede ser para tener <strong>una idea general<\/strong> de los temas que vamos a tratar<\/li><li><strong>Segunda escucha<\/strong> del audio\/video, aqu\u00ed puedes <strong>intentar contestar a las preguntas generales que te hago<\/strong>. Incluso puedes intentar contestar a las preguntas en las que se preguntan por algunos detalles<\/li><li>Si es necesario puedes hacer una tercera escucha.<\/li><\/ul><p>No te preocupes si te cuesta entender todo, no es necesario. Intenta comprender las ideas principales y si necesitas m\u00e1s audiciones para contestar las preguntas hazlo sin sentirte culpable.<\/p><p><strong>Son ejercicios para mejorar la comprensi\u00f3n, lo conseguir\u00e1s con constancia.<\/strong><\/p><p>\u00a0<\/p>\t\t\t\t\t\t\t\t<\/div>\n\t\t\t\t<\/div>\n\t\t\t\t\t<\/div>\n\t\t<\/div>\n\t\t\t\t\t<\/div>\n\t\t<\/section>\n\t\t\t\t<section class=\"elementor-section elementor-top-section elementor-element elementor-element-04a9430 elementor-section-boxed elementor-section-height-default elementor-section-height-default\" data-id=\"04a9430\" data-element_type=\"section\" data-e-type=\"section\">\n\t\t\t\t\t\t<div class=\"elementor-container elementor-column-gap-default\">\n\t\t\t\t\t<div class=\"elementor-column elementor-col-100 elementor-top-column elementor-element elementor-element-31e89b4\" data-id=\"31e89b4\" data-element_type=\"column\" data-e-type=\"column\">\n\t\t\t<div class=\"elementor-widget-wrap elementor-element-populated\">\n\t\t\t\t\t\t<div class=\"elementor-element elementor-element-e63a7d6 elementor-widget elementor-widget-heading\" data-id=\"e63a7d6\" data-element_type=\"widget\" data-e-type=\"widget\" data-widget_type=\"heading.default\">\n\t\t\t\t<div class=\"elementor-widget-container\">\n\t\t\t\t\t<p class=\"elementor-heading-title elementor-size-large\">Practica espa\u00f1ol con temas que te interesen<\/p>\t\t\t\t<\/div>\n\t\t\t\t<\/div>\n\t\t\t\t\t<\/div>\n\t\t<\/div>\n\t\t\t\t\t<\/div>\n\t\t<\/section>\n\t\t\t\t<section class=\"elementor-section elementor-top-section elementor-element elementor-element-110005d elementor-section-boxed elementor-section-height-default elementor-section-height-default\" data-id=\"110005d\" data-element_type=\"section\" data-e-type=\"section\">\n\t\t\t\t\t\t<div class=\"elementor-container elementor-column-gap-default\">\n\t\t\t\t\t<div class=\"elementor-column elementor-col-100 elementor-top-column elementor-element elementor-element-f3fd61d\" data-id=\"f3fd61d\" data-element_type=\"column\" data-e-type=\"column\">\n\t\t\t<div class=\"elementor-widget-wrap elementor-element-populated\">\n\t\t\t\t\t\t<div class=\"elementor-element elementor-element-e254309 elementor-widget elementor-widget-text-editor\" data-id=\"e254309\" data-element_type=\"widget\" data-e-type=\"widget\" data-widget_type=\"text-editor.default\">\n\t\t\t\t<div class=\"elementor-widget-container\">\n\t\t\t\t\t\t\t\t\t<h2><span class=\"ez-toc-section\" id=\"%C2%BFQuien_es_Carmen_Perez_de_Buscando_tu_estilo\"><\/span><strong><span style=\"color: #1563ab;\">\u00bfQui\u00e9n es Carmen P\u00e9rez de Buscando tu estilo?<\/span><\/strong><span class=\"ez-toc-section-end\"><\/span><\/h2><p>Sin desvelarte mucho de la entrevista te contar\u00e9 que Carmen es una mujer emprendedora sevillana, se dedica a la asesor\u00eda personal de imagen, tambi\u00e9n llamado personal shopper. \u00a0<\/p><p>Carmen tiene un blog y un canal de youtube con casi 300.000 suscriptores. En su canal puedes encontrar temas variados relacionados con la belleza, la moda y estilo de vida.<\/p><p>Aqu\u00ed tienes sus principales redes sociales:<\/p><p style=\"text-align: center;\"><a href=\"https:\/\/www.buscandotuestilo.com\/\" target=\"_blank\" rel=\"noopener\">Buscando tu estilo<\/a> (blog)<\/p><p style=\"text-align: center;\"><a href=\"https:\/\/www.youtube.com\/results?search_query=buscando+tu+estilo\" target=\"_blank\" rel=\"noopener\">Buscando tu estilo<\/a> (canal de youtube)<\/p><p style=\"text-align: left;\">Despu\u00e9s de esta peque\u00f1a introducci\u00f3n vamos a empezar con los ejercicios de vocabulario y los de comprensi\u00f3n autidita.<\/p>\t\t\t\t\t\t\t\t<\/div>\n\t\t\t\t<\/div>\n\t\t\t\t\t<\/div>\n\t\t<\/div>\n\t\t\t\t\t<\/div>\n\t\t<\/section>\n\t\t\t\t<section class=\"elementor-section elementor-top-section elementor-element elementor-element-79c4e7c elementor-section-boxed elementor-section-height-default elementor-section-height-default\" data-id=\"79c4e7c\" data-element_type=\"section\" data-e-type=\"section\">\n\t\t\t\t\t\t<div class=\"elementor-container elementor-column-gap-default\">\n\t\t\t\t\t<div class=\"elementor-column elementor-col-100 elementor-top-column elementor-element elementor-element-512a743\" data-id=\"512a743\" data-element_type=\"column\" data-e-type=\"column\">\n\t\t\t<div class=\"elementor-widget-wrap elementor-element-populated\">\n\t\t\t\t\t\t<div class=\"elementor-element elementor-element-0f2f053 elementor-widget elementor-widget-text-editor\" data-id=\"0f2f053\" data-element_type=\"widget\" data-e-type=\"widget\" data-widget_type=\"text-editor.default\">\n\t\t\t\t<div class=\"elementor-widget-container\">\n\t\t\t\t\t\t\t\t\t<h2><span class=\"ez-toc-section\" id=\"Ejercicios_interactivos_de_comprension_auditiva_en_espanol\"><\/span><strong><span style=\"color: #1563ab;\">Ejercicios interactivos de comprensi\u00f3n auditiva en espa\u00f1ol<\/span><\/strong><span class=\"ez-toc-section-end\"><\/span><\/h2><h3><span class=\"ez-toc-section\" id=\"1_Practica_el_vocabulario_que_aparece_en_la_entrevista\"><\/span>1. Practica el vocabulario que aparece en la entrevista<span class=\"ez-toc-section-end\"><\/span><\/h3><p>[h5p id=\u00bb31&#8243;]<\/p><h3><span class=\"ez-toc-section\" id=\"2_Escucha_atentamente_la_entrevista_y_responde_a_las_preguntas\"><\/span>2. Escucha atentamente la entrevista y responde a las preguntas<span class=\"ez-toc-section-end\"><\/span><\/h3><p style=\"text-align: center;\">\u00bfA qui\u00e9n dedica Carmen sus servicios?\u00a0<\/p><p style=\"text-align: center;\">\u00bfDesde cu\u00e1ndo se dedica a la moda?<\/p><p style=\"text-align: center;\">\u00bfQu\u00e9 contenido hay en su canal de youtube?<\/p>\t\t\t\t\t\t\t\t<\/div>\n\t\t\t\t<\/div>\n\t\t\t\t\t<\/div>\n\t\t<\/div>\n\t\t\t\t\t<\/div>\n\t\t<\/section>\n\t\t\t\t<section class=\"elementor-section elementor-top-section elementor-element elementor-element-d7cc783 elementor-section-boxed elementor-section-height-default elementor-section-height-default\" data-id=\"d7cc783\" data-element_type=\"section\" data-e-type=\"section\">\n\t\t\t\t\t\t<div class=\"elementor-container elementor-column-gap-default\">\n\t\t\t\t\t<div class=\"elementor-column elementor-col-100 elementor-top-column elementor-element elementor-element-26d062b\" data-id=\"26d062b\" data-element_type=\"column\" data-e-type=\"column\">\n\t\t\t<div class=\"elementor-widget-wrap elementor-element-populated\">\n\t\t\t\t\t\t<div class=\"elementor-element elementor-element-e4e2e55 elementor-widget elementor-widget-video\" data-id=\"e4e2e55\" data-element_type=\"widget\" data-e-type=\"widget\" data-settings=\"{&quot;youtube_url&quot;:&quot;https:\\\/\\\/youtu.be\\\/PFbUN3GbxrU&quot;,&quot;video_type&quot;:&quot;youtube&quot;,&quot;controls&quot;:&quot;yes&quot;}\" data-widget_type=\"video.default\">\n\t\t\t\t<div class=\"elementor-widget-container\">\n\t\t\t\t\t\t\t<div class=\"elementor-wrapper elementor-open-inline\">\n\t\t\t<div class=\"elementor-video\"><\/div>\t\t<\/div>\n\t\t\t\t\t\t<\/div>\n\t\t\t\t<\/div>\n\t\t\t\t\t<\/div>\n\t\t<\/div>\n\t\t\t\t\t<\/div>\n\t\t<\/section>\n\t\t\t\t<section class=\"elementor-section elementor-top-section elementor-element elementor-element-94e51bf elementor-section-boxed elementor-section-height-default elementor-section-height-default\" data-id=\"94e51bf\" data-element_type=\"section\" data-e-type=\"section\">\n\t\t\t\t\t\t<div class=\"elementor-container elementor-column-gap-default\">\n\t\t\t\t\t<div class=\"elementor-column elementor-col-100 elementor-top-column elementor-element elementor-element-2b27489\" data-id=\"2b27489\" data-element_type=\"column\" data-e-type=\"column\">\n\t\t\t<div class=\"elementor-widget-wrap elementor-element-populated\">\n\t\t\t\t\t\t<div class=\"elementor-element elementor-element-432052e elementor-widget elementor-widget-text-editor\" data-id=\"432052e\" data-element_type=\"widget\" data-e-type=\"widget\" data-widget_type=\"text-editor.default\">\n\t\t\t\t<div class=\"elementor-widget-container\">\n\t\t\t\t\t\t\t\t\t<h3><span class=\"ez-toc-section\" id=\"4_Contesta_verdadero_o_falso_a_estas_afirmaciones\"><\/span>4. Contesta verdadero o falso a estas afirmaciones<span class=\"ez-toc-section-end\"><\/span><\/h3><p>[h5p id=\u00bb32&#8243;]<\/p><p>[h5p id=\u00bb33&#8243;]<\/p><p>[h5p id=\u00bb34&#8243;]<\/p><h3><span class=\"ez-toc-section\" id=\"5_Elige_las_opciones_correctas\"><\/span>5. Elige las opciones correctas<span class=\"ez-toc-section-end\"><\/span><\/h3><p>[h5p id=\u00bb35&#8243;]<\/p><h3><span class=\"ez-toc-section\" id=\"6_Responde_a_las_preguntas\"><\/span>6. Responde a las preguntas<span class=\"ez-toc-section-end\"><\/span><\/h3><p>[h5p id=\u00bb36&#8243;]<\/p><p>\u00a0<\/p>\t\t\t\t\t\t\t\t<\/div>\n\t\t\t\t<\/div>\n\t\t\t\t\t<\/div>\n\t\t<\/div>\n\t\t\t\t\t<\/div>\n\t\t<\/section>\n\t\t\t\t<section class=\"elementor-section elementor-top-section elementor-element elementor-element-aade92e elementor-section-boxed elementor-section-height-default elementor-section-height-default\" data-id=\"aade92e\" data-element_type=\"section\" data-e-type=\"section\">\n\t\t\t\t\t\t<div class=\"elementor-container elementor-column-gap-default\">\n\t\t\t\t\t<div class=\"elementor-column elementor-col-100 elementor-top-column elementor-element elementor-element-13f1cd2\" data-id=\"13f1cd2\" data-element_type=\"column\" data-e-type=\"column\">\n\t\t\t<div class=\"elementor-widget-wrap elementor-element-populated\">\n\t\t\t\t\t\t<div class=\"elementor-element elementor-element-9136ffe elementor-widget elementor-widget-text-editor\" data-id=\"9136ffe\" data-element_type=\"widget\" data-e-type=\"widget\" data-widget_type=\"text-editor.default\">\n\t\t\t\t<div class=\"elementor-widget-container\">\n\t\t\t\t\t\t\t\t\t<p>\u00bfTe ha gustado la entrevista? Puedes dejarme tu comentario incluso indicarme alg\u00fan tema que te interese para una pr\u00f3xima entrevista.<\/p><p><span style=\"font-family: Lato, sans-serif; font-size: 16px; color: var( --e-global-color-text );\">Si quieres seguir aprendiendo espa\u00f1ol y tambi\u00e9n aprender m\u00e1s cosas sobre el tema de moda y belleza te recomiendo que sigas a Carmen en su canal de youtube, <\/span><a style=\"font-family: Lato, sans-serif; font-size: 16px;\" href=\"https:\/\/www.youtube.com\/results?search_query=buscando+tu+estilo\" target=\"_blank\" rel=\"noopener\">Buscando tu estilo.<\/a><\/p><p>Adem\u00e1s si te interesa tambi\u00e9n puedes seguirme en mi canal de <a href=\"https:\/\/www.youtube.com\/channel\/UChnPv6VDZfP4cgVpofoLDCA\" target=\"_blank\" rel=\"noopener\">youtube,<\/a>\u00a0donde encontrar\u00e1s videos sobre los ex\u00e1menes DELE y Siele, pronunciaci\u00f3n y otros temas relacionados con el espa\u00f1ol.<\/p>\t\t\t\t\t\t\t\t<\/div>\n\t\t\t\t<\/div>\n\t\t\t\t\t<\/div>\n\t\t<\/div>\n\t\t\t\t\t<\/div>\n\t\t<\/section>\n\t\t\t\t<section class=\"elementor-section elementor-top-section elementor-element elementor-element-82a9a22 elementor-section-boxed elementor-section-height-default elementor-section-height-default\" data-id=\"82a9a22\" data-element_type=\"section\" data-e-type=\"section\">\n\t\t\t\t\t\t<div class=\"elementor-container elementor-column-gap-default\">\n\t\t\t\t\t<div class=\"elementor-column elementor-col-100 elementor-top-column elementor-element elementor-element-018a9d7\" data-id=\"018a9d7\" data-element_type=\"column\" data-e-type=\"column\">\n\t\t\t<div class=\"elementor-widget-wrap elementor-element-populated\">\n\t\t\t\t\t\t<div class=\"elementor-element elementor-element-5446a54 elementor-widget elementor-widget-heading\" data-id=\"5446a54\" data-element_type=\"widget\" data-e-type=\"widget\" data-widget_type=\"heading.default\">\n\t\t\t\t<div class=\"elementor-widget-container\">\n\t\t\t\t\t<p class=\"elementor-heading-title elementor-size-large\"><a href=\"https:\/\/carmeleespanolonline.com\/blog\/inicio\/cursos\/\" target=\"_blank\">Aprende espa\u00f1ol con carmEle Espa\u00f1ol Online<\/a><\/p>\t\t\t\t<\/div>\n\t\t\t\t<\/div>\n\t\t\t\t\t<\/div>\n\t\t<\/div>\n\t\t\t\t\t<\/div>\n\t\t<\/section>\n\t\t\t\t<\/div>\n\t\t","protected":false},"excerpt":{"rendered":"<p>Comprensi\u00f3n auditiva en espa\u00f1ol con ejercicios interactivos. Entrevista a Carmen P\u00e9rez, asesora de imagen.<\/p>\n","protected":false},"author":1,"featured_media":3775,"comment_status":"open","ping_status":"open","sticky":false,"template":"","format":"standard","meta":{"site-sidebar-layout":"default","site-content-layout":"","ast-site-content-layout":"default","site-content-style":"default","site-sidebar-style":"default","ast-global-header-display":"","ast-banner-title-visibility":"","ast-main-header-display":"","ast-hfb-above-header-display":"","ast-hfb-below-header-display":"","ast-hfb-mobile-header-display":"","site-post-title":"","ast-breadcrumbs-content":"","ast-featured-img":"","footer-sml-layout":"","ast-disable-related-posts":"","theme-transparent-header-meta":"","adv-header-id-meta":"","stick-header-meta":"","header-above-stick-meta":"","header-main-stick-meta":"","header-below-stick-meta":"","astra-migrate-meta-layouts":"default","ast-page-background-enabled":"default","ast-page-background-meta":{"desktop":{"background-color":"","background-image":"","background-repeat":"repeat","background-position":"center center","background-size":"auto","background-attachment":"scroll","background-type":"","background-media":"","overlay-type":"","overlay-color":"","overlay-opacity":"","overlay-gradient":""},"tablet":{"background-color":"","background-image":"","background-repeat":"repeat","background-position":"center center","background-size":"auto","background-attachment":"scroll","background-type":"","background-media":"","overlay-type":"","overlay-color":"","overlay-opacity":"","overlay-gradient":""},"mobile":{"background-color":"","background-image":"","background-repeat":"repeat","background-position":"center center","background-size":"auto","background-attachment":"scroll","background-type":"","background-media":"","overlay-type":"","overlay-color":"","overlay-opacity":"","overlay-gradient":""}},"ast-content-background-meta":{"desktop":{"background-color":"var(--ast-global-color-5)","background-image":"","background-repeat":"repeat","background-position":"center center","background-size":"auto","background-attachment":"scroll","background-type":"","background-media":"","overlay-type":"","overlay-color":"","overlay-opacity":"","overlay-gradient":""},"tablet":{"background-color":"var(--ast-global-color-5)","background-image":"","background-repeat":"repeat","background-position":"center center","background-size":"auto","background-attachment":"scroll","background-type":"","background-media":"","overlay-type":"","overlay-color":"","overlay-opacity":"","overlay-gradient":""},"mobile":{"background-color":"var(--ast-global-color-5)","background-image":"","background-repeat":"repeat","background-position":"center center","background-size":"auto","background-attachment":"scroll","background-type":"","background-media":"","overlay-type":"","overlay-color":"","overlay-opacity":"","overlay-gradient":""}},"footnotes":""},"categories":[186],"tags":[],"class_list":["post-3774","post","type-post","status-publish","format-standard","has-post-thumbnail","hentry","category-comprension-auditiva-y-ejercicios"],"aioseo_notices":[],"_links":{"self":[{"href":"https:\/\/carmeleespanolonline.com\/blog\/wp-json\/wp\/v2\/posts\/3774","targetHints":{"allow":["GET"]}}],"collection":[{"href":"https:\/\/carmeleespanolonline.com\/blog\/wp-json\/wp\/v2\/posts"}],"about":[{"href":"https:\/\/carmeleespanolonline.com\/blog\/wp-json\/wp\/v2\/types\/post"}],"author":[{"embeddable":true,"href":"https:\/\/carmeleespanolonline.com\/blog\/wp-json\/wp\/v2\/users\/1"}],"replies":[{"embeddable":true,"href":"https:\/\/carmeleespanolonline.com\/blog\/wp-json\/wp\/v2\/comments?post=3774"}],"version-history":[{"count":29,"href":"https:\/\/carmeleespanolonline.com\/blog\/wp-json\/wp\/v2\/posts\/3774\/revisions"}],"predecessor-version":[{"id":4437,"href":"https:\/\/carmeleespanolonline.com\/blog\/wp-json\/wp\/v2\/posts\/3774\/revisions\/4437"}],"wp:featuredmedia":[{"embeddable":true,"href":"https:\/\/carmeleespanolonline.com\/blog\/wp-json\/wp\/v2\/media\/3775"}],"wp:attachment":[{"href":"https:\/\/carmeleespanolonline.com\/blog\/wp-json\/wp\/v2\/media?parent=3774"}],"wp:term":[{"taxonomy":"category","embeddable":true,"href":"https:\/\/carmeleespanolonline.com\/blog\/wp-json\/wp\/v2\/categories?post=3774"},{"taxonomy":"post_tag","embeddable":true,"href":"https:\/\/carmeleespanolonline.com\/blog\/wp-json\/wp\/v2\/tags?post=3774"}],"curies":[{"name":"wp","href":"https:\/\/api.w.org\/{rel}","templated":true}]}}