{"id":375,"date":"2019-03-20T17:08:04","date_gmt":"2019-03-20T16:08:04","guid":{"rendered":"https:\/\/www.carmeleespanolonline.com\/blog\/?p=375"},"modified":"2021-01-20T19:51:30","modified_gmt":"2021-01-20T18:51:30","slug":"las-fallas","status":"publish","type":"post","link":"https:\/\/carmeleespanolonline.com\/blog\/las-fallas\/","title":{"rendered":"Las Fallas"},"content":{"rendered":"\t\t<div data-elementor-type=\"wp-post\" data-elementor-id=\"375\" class=\"elementor elementor-375\" data-elementor-post-type=\"post\">\n\t\t\t\t\t\t<section class=\"elementor-section elementor-top-section elementor-element elementor-element-e72da2c elementor-section-boxed elementor-section-height-default elementor-section-height-default\" data-id=\"e72da2c\" data-element_type=\"section\" data-e-type=\"section\">\n\t\t\t\t\t\t<div class=\"elementor-container elementor-column-gap-default\">\n\t\t\t\t\t<div class=\"elementor-column elementor-col-100 elementor-top-column elementor-element elementor-element-7c5d3e0\" data-id=\"7c5d3e0\" data-element_type=\"column\" data-e-type=\"column\">\n\t\t\t<div class=\"elementor-widget-wrap elementor-element-populated\">\n\t\t\t\t\t\t<div class=\"elementor-element elementor-element-f72e21e elementor-widget elementor-widget-image\" data-id=\"f72e21e\" data-element_type=\"widget\" data-e-type=\"widget\" data-widget_type=\"image.default\">\n\t\t\t\t<div class=\"elementor-widget-container\">\n\t\t\t\t\t\t\t\t\t\t\t\t<figure class=\"wp-caption\">\n\t\t\t\t\t\t\t\t\t\t<img fetchpriority=\"high\" decoding=\"async\" width=\"1024\" height=\"752\" src=\"https:\/\/carmeleespanolonline.com\/blog\/wp-content\/uploads\/2019\/03\/Fallas-de-Valencia-1024x752.png\" class=\"attachment-large size-large wp-image-1336\" alt=\"Fallas de Valencia\" srcset=\"https:\/\/carmeleespanolonline.com\/blog\/wp-content\/uploads\/2019\/03\/Fallas-de-Valencia-1024x752.png 1024w, https:\/\/carmeleespanolonline.com\/blog\/wp-content\/uploads\/2019\/03\/Fallas-de-Valencia-600x440.png 600w, https:\/\/carmeleespanolonline.com\/blog\/wp-content\/uploads\/2019\/03\/Fallas-de-Valencia-300x220.png 300w, https:\/\/carmeleespanolonline.com\/blog\/wp-content\/uploads\/2019\/03\/Fallas-de-Valencia-768x564.png 768w, https:\/\/carmeleespanolonline.com\/blog\/wp-content\/uploads\/2019\/03\/Fallas-de-Valencia.png 1030w\" sizes=\"(max-width: 1024px) 100vw, 1024px\" \/>\t\t\t\t\t\t\t\t\t\t\t<figcaption class=\"widget-image-caption wp-caption-text\">Fuegos artificiales<\/figcaption>\n\t\t\t\t\t\t\t\t\t\t<\/figure>\n\t\t\t\t\t\t\t\t\t<\/div>\n\t\t\t\t<\/div>\n\t\t\t\t\t<\/div>\n\t\t<\/div>\n\t\t\t\t\t<\/div>\n\t\t<\/section>\n\t\t\t\t<section class=\"elementor-section elementor-top-section elementor-element elementor-element-6f515b6a elementor-section-boxed elementor-section-height-default elementor-section-height-default\" data-id=\"6f515b6a\" data-element_type=\"section\" data-e-type=\"section\">\n\t\t\t\t\t\t<div class=\"elementor-container elementor-column-gap-default\">\n\t\t\t\t\t<div class=\"elementor-column elementor-col-100 elementor-top-column elementor-element elementor-element-48da961\" data-id=\"48da961\" data-element_type=\"column\" data-e-type=\"column\">\n\t\t\t<div class=\"elementor-widget-wrap elementor-element-populated\">\n\t\t\t\t\t\t<div class=\"elementor-element elementor-element-8879038 elementor-widget elementor-widget-text-editor\" data-id=\"8879038\" data-element_type=\"widget\" data-e-type=\"widget\" data-widget_type=\"text-editor.default\">\n\t\t\t\t<div class=\"elementor-widget-container\">\n\t\t\t\t\t\t\t\t\t<p><\/p>\n<p><strong>\u00bfConoces los Directos en Facebook de Manuela Aparicio, <a href=\"https:\/\/www.facebook.com\/manuela.insegnantespagnola\/\" target=\"_blank\" rel=\"noopener\">Manuela Insegnante Spagnola<\/a>, y m\u00edo? <\/strong><\/p>\n<p><\/p>\n<p>Son directos en los que hablamos de temas relacionados con <strong>la cultura espa\u00f1ola,<\/strong> <strong>fiestas y nuestras costumbres.<\/strong>\u00a0En ellos puedes ampliar <strong>vocabulario, practicar expresiones<\/strong> adem\u00e1s de conocernos un poco m\u00e1s.<\/p>\n<p><\/p>\n<p>Aqu\u00ed tienes el <a href=\"https:\/\/www.youtube.com\/watch?v=jEkqtrodwJA&amp;list=PLmyGhJmy-Z3uOYNdw-P71OD9ugTYoviuv\" target=\"_blank\" rel=\"noopener\">enlace en youtube<\/a> para\u00a0\u00a0puedas ver los videos, adem\u00e1s nos puedes seguir en Facebook y as\u00ed podr\u00e1s ver los directos y participar en ellos enviando tus preguntas.<\/p>\n<h2><strong><span style=\"color: #0000ff;\">Las fallas de Valencia<\/span><\/strong><\/h2>\n<p><\/p>\n<p>Este mes de marzo hemos hablado de<strong><em> Las Fallas<\/em><\/strong>, \u00bflas conoces? Son unas fiestas muy famosas espa\u00f1olas, se celebran desde el 1 al 19 de marzo, \u00a1as\u00ed que a\u00fan est\u00e1s a tiempo de ir a Valencia!<\/p>\n<p><\/p>\n<div class=\"wp-block-image\">\n<figure class=\"aligncenter\"><img decoding=\"async\" width=\"280\" height=\"420\" class=\"wp-image-379\" src=\"https:\/\/carmeleespanolonline.com\/blog\/wp-content\/uploads\/2019\/03\/280px-Falla_del_Ayuntamiento_Valencia_2019_3-1.jpg\" alt=\"Las Fallas, Valencia\" srcset=\"https:\/\/carmeleespanolonline.com\/blog\/wp-content\/uploads\/2019\/03\/280px-Falla_del_Ayuntamiento_Valencia_2019_3-1.jpg 280w, https:\/\/carmeleespanolonline.com\/blog\/wp-content\/uploads\/2019\/03\/280px-Falla_del_Ayuntamiento_Valencia_2019_3-1-200x300.jpg 200w\" sizes=\"(max-width: 280px) 100vw, 280px\" \/>\n<p>\u00a0<\/p>\n<figcaption>Las Fallas<\/figcaption>\n<\/figure>\n<\/div>\n<p><\/p>\n<p>Manuela es valenciana y nos cuenta algunos puntos interesantes a tener en cuenta para que conozcas esta magn\u00edfica fiesta que se ha convertido en <strong>Patrimonio Inmaterial de la Humanidad<\/strong> y la disfrutes.<\/p>\n<p><\/p>\n<p>Es una fiesta multitudinaria donde se re\u00fanen personas de todos los pa\u00edses del mundo pero especialmente espa\u00f1oles y valencianos.<\/p>\n<p>Una fiesta llena de tradiciones, color, olor y sonido, y por supuesto buena comida.\u00a0<\/p>\n<p style=\"text-align: center;\"><strong>\u00a1Disfrutar\u00e1s con todos tus sentidos!<\/strong><\/p>\n<p>\u00a0<\/p>\n<h2><strong><span style=\"color: #0000ff;\">Vocabulario sobre las fallas<\/span><\/strong><\/h2>\n<p>Para entender mejor el audio o el video vamos a ver un poco de vocabulario que aparece.<\/p>\n<ul>\n<li><em><strong>Masclet\u00e1:<\/strong><\/em> Fuegos artificiales que se hacen de d\u00eda.<\/li>\n<li><em><strong>Petardos:<\/strong><\/em> Fuego artificial no peligroso que tiran en la calle las personas, especialmente los ni\u00f1os.<\/li>\n<li><em><strong>P\u00f3lvora:<\/strong><\/em> Material usado para hacer explotar los fuegos artifiales<\/li>\n<li><em><strong>Crida:<\/strong> <\/em>Es el preg\u00f3n de la fallas valencianas, es cuando empiezan.<\/li>\n<li><em><strong>Falleras y falleros:<\/strong><\/em> Son las reinas y reyes de las fiestas. Est\u00e1n vestidos con el traje tradicional valenciano<\/li>\n<li><em><strong>Ofrenda de flores:<\/strong><\/em> Las falleras y galleros llevan flores a la virgen de los Desamparados, es la matrona de la ciudad.<\/li>\n<li><em><strong>Las Fallas:<\/strong><\/em> Son esculturas o monumentos creados para ser quemados en las fiestas.<\/li>\n<li><em><strong>Ninot:<\/strong><\/em> Son mu\u00f1ecos de menor tama\u00f1o que acompa\u00f1an a la Falla principal.<\/li>\n<li><em><strong>La Planta:<\/strong><\/em> Es la fecha final en la que las Fallas deben estar terminadas.<\/li>\n<li><em><strong>Verbenas:<\/strong><\/em> Fiestas populares de los barrios<\/li>\n<li><em><strong>La nic de foc:<\/strong><\/em> Es la noche de fuegos, un espect\u00e1culo de fuego que se celebra en el r\u00edo.<\/li>\n<li><em><strong>Casales:<\/strong><\/em>\u00a0Grupos de falleros y falleras<\/li>\n<li><em><strong>La despert\u00e1:<\/strong><\/em> Los casales recorren la ciudad para despertar a las personas con sus petardos.<\/li>\n<\/ul>\n<p><\/p>\t\t\t\t\t\t\t\t<\/div>\n\t\t\t\t<\/div>\n\t\t\t\t\t<\/div>\n\t\t<\/div>\n\t\t\t\t\t<\/div>\n\t\t<\/section>\n\t\t\t\t<section class=\"elementor-section elementor-top-section elementor-element elementor-element-8e2f852 elementor-section-full_width elementor-section-height-default elementor-section-height-default\" data-id=\"8e2f852\" data-element_type=\"section\" data-e-type=\"section\">\n\t\t\t\t\t\t<div class=\"elementor-container elementor-column-gap-default\">\n\t\t\t\t\t<div class=\"elementor-column elementor-col-100 elementor-top-column elementor-element elementor-element-22b417e\" data-id=\"22b417e\" data-element_type=\"column\" data-e-type=\"column\">\n\t\t\t<div class=\"elementor-widget-wrap elementor-element-populated\">\n\t\t\t\t\t\t<div class=\"elementor-element elementor-element-34f7019 elementor-widget elementor-widget-text-editor\" data-id=\"34f7019\" data-element_type=\"widget\" data-e-type=\"widget\" data-widget_type=\"text-editor.default\">\n\t\t\t\t<div class=\"elementor-widget-container\">\n\t\t\t\t\t\t\t\t\t<p>Ahora puedes ver el video pinchando <a href=\"https:\/\/www.youtube.com\/watch?v=_pPwhK7f6eM&amp;list=PLmyGhJmy-Z3uOYNdw-P71OD9ugTYoviuv&amp;index=18\" target=\"_blank\" rel=\"noopener\">aqu\u00ed<\/a>, escuchar el audio y tambi\u00e9n hacer el siguiente ejercicio para comprobar si has comprendido la explicaci\u00f3n de Manuela sobre<strong> las Fallas<\/strong>.<\/p>\n<p><!-- \/wp:paragraph --><!-- wp:paragraph --><\/p>\n<p>\u00a0<\/p>\n<p><!-- \/wp:paragraph --><!-- wp:audio {\"id\":376} --><\/p>\n<figure class=\"wp-block-audio\"><audio src=\"https:\/\/carmeleespanolonline.com\/blog\/wp-content\/uploads\/2019\/03\/LAS-FALLAS.mp3\" controls=\"controls\" data-mce-fragment=\"1\"><\/audio>\n<p>\u00a0<\/p>\n<figcaption>Directos de Facebook: LAS FALLAS<\/figcaption>\n<\/figure>\n<p><!-- \/wp:audio --><!-- wp:paragraph --><\/p>\n<p>Despu\u00e9s puedes comprobar tu comprensi\u00f3n auditiva realizando este peque\u00f1o text.<\/p>\n<p><!-- \/wp:paragraph --><!-- wp:paragraph --><\/p>\n<p>[h5p id=\u00bb12&#8243;]<\/p>\t\t\t\t\t\t\t\t<\/div>\n\t\t\t\t<\/div>\n\t\t\t\t\t<\/div>\n\t\t<\/div>\n\t\t\t\t\t<\/div>\n\t\t<\/section>\n\t\t\t\t<section class=\"elementor-section elementor-top-section elementor-element elementor-element-774afee elementor-section-full_width elementor-section-height-default elementor-section-height-default\" data-id=\"774afee\" data-element_type=\"section\" data-e-type=\"section\" data-settings=\"{&quot;background_background&quot;:&quot;classic&quot;}\">\n\t\t\t\t\t\t<div class=\"elementor-container elementor-column-gap-default\">\n\t\t\t\t\t<div class=\"elementor-column elementor-col-100 elementor-top-column elementor-element elementor-element-412823d\" data-id=\"412823d\" data-element_type=\"column\" data-e-type=\"column\">\n\t\t\t<div class=\"elementor-widget-wrap elementor-element-populated\">\n\t\t\t\t\t\t<div class=\"elementor-element elementor-element-56e9132 elementor-widget elementor-widget-text-editor\" data-id=\"56e9132\" data-element_type=\"widget\" data-e-type=\"widget\" data-widget_type=\"text-editor.default\">\n\t\t\t\t<div class=\"elementor-widget-container\">\n\t\t\t\t\t\t\t\t\t<p style=\"text-align: center;\"><strong>\u00a1Cu\u00e9ntame! \u00bfConoces Las Fallas? \u00bfTe gustar\u00eda ir?<\/strong><\/p>\n<p>Deja tu comentario y comparte tu experiencia si has tenido la suerte de ir a las fallas valencianas.<\/p>\t\t\t\t\t\t\t\t<\/div>\n\t\t\t\t<\/div>\n\t\t\t\t\t<\/div>\n\t\t<\/div>\n\t\t\t\t\t<\/div>\n\t\t<\/section>\n\t\t\t\t<\/div>\n\t\t","protected":false},"excerpt":{"rendered":"<p>Aprende m\u00e1s sobre la cultura espa\u00f1ola con las charlas en Directo en Facebook.<\/p>\n","protected":false},"author":1,"featured_media":379,"comment_status":"open","ping_status":"open","sticky":false,"template":"","format":"standard","meta":{"site-sidebar-layout":"default","site-content-layout":"","ast-site-content-layout":"default","site-content-style":"default","site-sidebar-style":"default","ast-global-header-display":"","ast-banner-title-visibility":"","ast-main-header-display":"","ast-hfb-above-header-display":"","ast-hfb-below-header-display":"","ast-hfb-mobile-header-display":"","site-post-title":"","ast-breadcrumbs-content":"","ast-featured-img":"","footer-sml-layout":"","ast-disable-related-posts":"","theme-transparent-header-meta":"","adv-header-id-meta":"","stick-header-meta":"","header-above-stick-meta":"","header-main-stick-meta":"","header-below-stick-meta":"","astra-migrate-meta-layouts":"default","ast-page-background-enabled":"default","ast-page-background-meta":{"desktop":{"background-color":"","background-image":"","background-repeat":"repeat","background-position":"center center","background-size":"auto","background-attachment":"scroll","background-type":"","background-media":"","overlay-type":"","overlay-color":"","overlay-opacity":"","overlay-gradient":""},"tablet":{"background-color":"","background-image":"","background-repeat":"repeat","background-position":"center center","background-size":"auto","background-attachment":"scroll","background-type":"","background-media":"","overlay-type":"","overlay-color":"","overlay-opacity":"","overlay-gradient":""},"mobile":{"background-color":"","background-image":"","background-repeat":"repeat","background-position":"center center","background-size":"auto","background-attachment":"scroll","background-type":"","background-media":"","overlay-type":"","overlay-color":"","overlay-opacity":"","overlay-gradient":""}},"ast-content-background-meta":{"desktop":{"background-color":"var(--ast-global-color-5)","background-image":"","background-repeat":"repeat","background-position":"center center","background-size":"auto","background-attachment":"scroll","background-type":"","background-media":"","overlay-type":"","overlay-color":"","overlay-opacity":"","overlay-gradient":""},"tablet":{"background-color":"var(--ast-global-color-5)","background-image":"","background-repeat":"repeat","background-position":"center center","background-size":"auto","background-attachment":"scroll","background-type":"","background-media":"","overlay-type":"","overlay-color":"","overlay-opacity":"","overlay-gradient":""},"mobile":{"background-color":"var(--ast-global-color-5)","background-image":"","background-repeat":"repeat","background-position":"center center","background-size":"auto","background-attachment":"scroll","background-type":"","background-media":"","overlay-type":"","overlay-color":"","overlay-opacity":"","overlay-gradient":""}},"footnotes":""},"categories":[30],"tags":[],"class_list":["post-375","post","type-post","status-publish","format-standard","has-post-thumbnail","hentry","category-culturaespanola"],"aioseo_notices":[],"_links":{"self":[{"href":"https:\/\/carmeleespanolonline.com\/blog\/wp-json\/wp\/v2\/posts\/375","targetHints":{"allow":["GET"]}}],"collection":[{"href":"https:\/\/carmeleespanolonline.com\/blog\/wp-json\/wp\/v2\/posts"}],"about":[{"href":"https:\/\/carmeleespanolonline.com\/blog\/wp-json\/wp\/v2\/types\/post"}],"author":[{"embeddable":true,"href":"https:\/\/carmeleespanolonline.com\/blog\/wp-json\/wp\/v2\/users\/1"}],"replies":[{"embeddable":true,"href":"https:\/\/carmeleespanolonline.com\/blog\/wp-json\/wp\/v2\/comments?post=375"}],"version-history":[{"count":8,"href":"https:\/\/carmeleespanolonline.com\/blog\/wp-json\/wp\/v2\/posts\/375\/revisions"}],"predecessor-version":[{"id":3668,"href":"https:\/\/carmeleespanolonline.com\/blog\/wp-json\/wp\/v2\/posts\/375\/revisions\/3668"}],"wp:featuredmedia":[{"embeddable":true,"href":"https:\/\/carmeleespanolonline.com\/blog\/wp-json\/wp\/v2\/media\/379"}],"wp:attachment":[{"href":"https:\/\/carmeleespanolonline.com\/blog\/wp-json\/wp\/v2\/media?parent=375"}],"wp:term":[{"taxonomy":"category","embeddable":true,"href":"https:\/\/carmeleespanolonline.com\/blog\/wp-json\/wp\/v2\/categories?post=375"},{"taxonomy":"post_tag","embeddable":true,"href":"https:\/\/carmeleespanolonline.com\/blog\/wp-json\/wp\/v2\/tags?post=375"}],"curies":[{"name":"wp","href":"https:\/\/api.w.org\/{rel}","templated":true}]}}