{"id":329,"date":"2019-02-15T19:23:03","date_gmt":"2019-02-15T18:23:03","guid":{"rendered":"https:\/\/www.carmeleespanolonline.com\/blog\/?p=329"},"modified":"2021-01-20T19:51:56","modified_gmt":"2021-01-20T18:51:56","slug":"quien-es-carmele-espanol-online","status":"publish","type":"post","link":"https:\/\/carmeleespanolonline.com\/blog\/quien-es-carmele-espanol-online\/","title":{"rendered":"\u00bfQui\u00e9n es carmEle Espa\u00f1ol Online?"},"content":{"rendered":"\n<p>Hola a todos, si est\u00e1is leyendo este post es muy probable que ya me conozc\u00e1is anteriormente, por ser alumnos o antiguos alumnos y por ser compa\u00f1eros de profesi\u00f3n. Me gustar\u00eda que me permitier\u00e1is hacer el post m\u00e1s personal y  prometo que ser\u00e1 el \u00faltimo de este estilo ; ).<\/p>\n\n\n\n<div class=\"wp-block-image\"><figure class=\"alignleft is-resized\"><img decoding=\"async\" src=\"https:\/\/carmeleespanolonline.com\/blog\/wp-content\/uploads\/2019\/02\/DSC_0014-200x300.jpg\" alt=\"carmEle Espa\u00f1ol Online\" class=\"wp-image-331\" width=\"157\" height=\"235\"\/><figcaption>carmEle Espa\u00f1ol Online<\/figcaption><\/figure><\/div>\n\n\n\n<p>En esta primera entra del blog quiero aprovechar para dar las gracias y hacer balance sobre este tiempo, porque ya hace un a\u00f1o desde que me embarqu\u00e9 en este proyecto profesional y personal que es carmEle Espa\u00f1ol Online. Durante este periodo de mi vida he sentido un vaiv\u00e9n de sensaciones, indecisiones e incertidumbres, de satisfacciones y oportunidades, un balance muy positivo del que muchos de vosotros sois tambi\u00e9n protagonistas.<\/p>\n\n\n\n<p>Llegar a carmEle Espa\u00f1ol Online y a la ense\u00f1anza del espa\u00f1ol ha sido un camino largo que comenz\u00f3 all\u00e1 por el a\u00f1o 2010, s\u00ed me tengo que ir tan lejos en el tiempo, mi vida iba a dar un giro total y por ello tuve que reinventarme profesionalmente para poder conciliar mi vida profesional con la familiar y adaptarme en todo momento a posibles cambios continuos de localizaciones, entonces empez\u00f3 la b\u00fasqueda de nuevas oportunidades entre ellas esta profesi\u00f3n que me tiene totalmente enganchada. Posteriormente comenc\u00e9 y termin\u00e9, que hoy en d\u00eda es un dato muy importante, mi m\u00e1ster en Did\u00e1ctica del espa\u00f1ol como Lengua extranjera y segunda Lengua (Universidad de la Rioja) , al que sigui\u00f3 otros cursos de especializaci\u00f3n en el Instituto Cervantes.<\/p>\n\n\n\n<p>Tuve la suerte, y digo bien, suerte de caer en una ciudad que me dio la oportunidad r\u00e1pidamente de ponerme al frente de un aula para ense\u00f1ar espa\u00f1ol, y ha sido en Cruz Roja donde m\u00e1s satisfecha me siento y a veces tambi\u00e9n agotada, pero colaborando en este proyecto he podido unir dos planos de mi vida muy importantes, la necesidad de ayudar a otros y ense\u00f1ar espa\u00f1ol. \u00a1Qu\u00e9 m\u00e1s pod\u00eda pedir!<\/p>\n\n\n\n<p>Pues, que esta profesi\u00f3n se mantuviera en el tiempo y poder vivir de ello, aqu\u00ed empec\u00e9 a pensar en la ense\u00f1anza online, que no me es del todo ajena ya que he sido profesora online y tambi\u00e9n alumna online durante mucho tiempo, \u00bfpodr\u00eda yo llevar a cabo un proyecto como este? Y as\u00ed comenc\u00e9, muy t\u00edmidamente, llena de inseguridades y miedos. Como muchos de vosotros entr\u00e9 en grupos, que hab\u00edan pocos y empec\u00e9 a descubrir a otros compa\u00f1eros que se dedicaban a lo mismo, para m\u00ed fue un gran descubrimiento del grupo de Facebook <a href=\"https:\/\/www.facebook.com\/groups\/159160407798425\/\">Un idioma cada vez<\/a> y Oscar Ortega con el que mantuve alg\u00fan intercambio de correos en los que me anim\u00f3 a lanzarme y dejar a tras mi timidez con los medios. No s\u00e9 si se acordar\u00e1 de estos correos. Para todos los que empez\u00e1is os recomiendo entrar en el grupo y exponer vuestras preguntas, seguro que encontr\u00e1is de alg\u00fan modo el apoyo necesario.<\/p>\n\n\n\n<p>Desde que decid\u00ed lanzarme al mundo online he tenido la suerte de ser bien acogida por mis alumnos, y he descubierto un mundo virtual lleno de compa\u00f1erismo y una comunidad que nos ha ofrecido un entorno de conocimiento y colaboraciones, especialmente me quedo con mi compi <a href=\"https:\/\/www.facebook.com\/manuela.aparicioa\">Manuela<\/a>, de la que me oir\u00e9is m\u00e1s veces hablar.<\/p>\n\n\n\n<p>No es oro todo lo que reluce, efectivamente, emprender, gestionar los cambios continuos familiares y profesionales, crear contenidos interesantes, lidiar con las redes sociales, planificar clases, buscar alumnos\u2026 un sinf\u00edn de actividades que muchas veces hacen que te sientas desbordada y sin fuerzas, pero que a pesar de todo, estas sensaciones desaparecen cuando escuchas el sonido de llamada de Skype, (s\u00ed, yo soy de las pocas que usan Skype a\u00fan \u00a1ya lo s\u00e9!) y comienzo mi jornada laboral, entonces todo tiene sentido para m\u00ed. Me siento feliz, y es por esto por lo que en este primer post quiero dar las gracias a todos y cada uno de vosotros por darme la oportunidad de hacer lo que quiero hacer. Gracias a mi familia, amigos (incluso a esos que no entienden muy bien que es esto de ense\u00f1ar online y lo ven como un hobbie), profesores y tutores, compa\u00f1eros de viaje, a Susana t\u00e9cnico de Cruz Roja y sobre todo a mis chicos y chicas presenciales y online por creer en m\u00ed tanto como yo creo en ellos.<\/p>\n\n\n\n<p class=\"has-text-align-left\">Poco a poco ir\u00e9 dando contenido a este blog y compartiendo con vosotros mis ilusiones, proyectos y materiales.<\/p>\n\n\n\n<p>Espero que os gusten tanto como a mi realizarlos.<\/p>\n\n\n\n<p>Saludos,<\/p>\n\n\n\n<p>Carmen.<\/p>\n","protected":false},"excerpt":{"rendered":"<p>Hola a todos, si est\u00e1is leyendo este post es muy probable que ya me conozc\u00e1is anteriormente, por ser alumnos o antiguos alumnos y por ser compa\u00f1eros de profesi\u00f3n. Me gustar\u00eda que me permitier\u00e1is hacer el post m\u00e1s personal y prometo que ser\u00e1 el \u00faltimo de este estilo ; ). En esta primera entra del blog [&hellip;]<\/p>\n","protected":false},"author":1,"featured_media":0,"comment_status":"open","ping_status":"open","sticky":false,"template":"","format":"standard","meta":{"site-sidebar-layout":"default","site-content-layout":"","ast-site-content-layout":"default","site-content-style":"default","site-sidebar-style":"default","ast-global-header-display":"","ast-banner-title-visibility":"","ast-main-header-display":"","ast-hfb-above-header-display":"","ast-hfb-below-header-display":"","ast-hfb-mobile-header-display":"","site-post-title":"","ast-breadcrumbs-content":"","ast-featured-img":"","footer-sml-layout":"","ast-disable-related-posts":"","theme-transparent-header-meta":"","adv-header-id-meta":"","stick-header-meta":"","header-above-stick-meta":"","header-main-stick-meta":"","header-below-stick-meta":"","astra-migrate-meta-layouts":"default","ast-page-background-enabled":"default","ast-page-background-meta":{"desktop":{"background-color":"","background-image":"","background-repeat":"repeat","background-position":"center center","background-size":"auto","background-attachment":"scroll","background-type":"","background-media":"","overlay-type":"","overlay-color":"","overlay-opacity":"","overlay-gradient":""},"tablet":{"background-color":"","background-image":"","background-repeat":"repeat","background-position":"center center","background-size":"auto","background-attachment":"scroll","background-type":"","background-media":"","overlay-type":"","overlay-color":"","overlay-opacity":"","overlay-gradient":""},"mobile":{"background-color":"","background-image":"","background-repeat":"repeat","background-position":"center center","background-size":"auto","background-attachment":"scroll","background-type":"","background-media":"","overlay-type":"","overlay-color":"","overlay-opacity":"","overlay-gradient":""}},"ast-content-background-meta":{"desktop":{"background-color":"var(--ast-global-color-5)","background-image":"","background-repeat":"repeat","background-position":"center center","background-size":"auto","background-attachment":"scroll","background-type":"","background-media":"","overlay-type":"","overlay-color":"","overlay-opacity":"","overlay-gradient":""},"tablet":{"background-color":"var(--ast-global-color-5)","background-image":"","background-repeat":"repeat","background-position":"center center","background-size":"auto","background-attachment":"scroll","background-type":"","background-media":"","overlay-type":"","overlay-color":"","overlay-opacity":"","overlay-gradient":""},"mobile":{"background-color":"var(--ast-global-color-5)","background-image":"","background-repeat":"repeat","background-position":"center center","background-size":"auto","background-attachment":"scroll","background-type":"","background-media":"","overlay-type":"","overlay-color":"","overlay-opacity":"","overlay-gradient":""}},"footnotes":""},"categories":[84],"tags":[],"class_list":["post-329","post","type-post","status-publish","format-standard","hentry","category-ensenanza-espanol-online"],"aioseo_notices":[],"_links":{"self":[{"href":"https:\/\/carmeleespanolonline.com\/blog\/wp-json\/wp\/v2\/posts\/329","targetHints":{"allow":["GET"]}}],"collection":[{"href":"https:\/\/carmeleespanolonline.com\/blog\/wp-json\/wp\/v2\/posts"}],"about":[{"href":"https:\/\/carmeleespanolonline.com\/blog\/wp-json\/wp\/v2\/types\/post"}],"author":[{"embeddable":true,"href":"https:\/\/carmeleespanolonline.com\/blog\/wp-json\/wp\/v2\/users\/1"}],"replies":[{"embeddable":true,"href":"https:\/\/carmeleespanolonline.com\/blog\/wp-json\/wp\/v2\/comments?post=329"}],"version-history":[{"count":7,"href":"https:\/\/carmeleespanolonline.com\/blog\/wp-json\/wp\/v2\/posts\/329\/revisions"}],"predecessor-version":[{"id":666,"href":"https:\/\/carmeleespanolonline.com\/blog\/wp-json\/wp\/v2\/posts\/329\/revisions\/666"}],"wp:attachment":[{"href":"https:\/\/carmeleespanolonline.com\/blog\/wp-json\/wp\/v2\/media?parent=329"}],"wp:term":[{"taxonomy":"category","embeddable":true,"href":"https:\/\/carmeleespanolonline.com\/blog\/wp-json\/wp\/v2\/categories?post=329"},{"taxonomy":"post_tag","embeddable":true,"href":"https:\/\/carmeleespanolonline.com\/blog\/wp-json\/wp\/v2\/tags?post=329"}],"curies":[{"name":"wp","href":"https:\/\/api.w.org\/{rel}","templated":true}]}}